{"id":244,"date":"2022-11-04T17:59:52","date_gmt":"2022-11-04T17:59:52","guid":{"rendered":"https:\/\/tipotemporarioblogs.com.br\/apantigo\/?p=244"},"modified":"2023-04-27T15:07:20","modified_gmt":"2023-04-27T15:07:20","slug":"projeto-de-inclusao-social-apema","status":"publish","type":"post","link":"https:\/\/tipotemporarioblogs.com.br\/apantigo\/projeto-de-inclusao-social-apema\/","title":{"rendered":"Pol\u00edtica da Terra"},"content":{"rendered":"<p><span style=\"font-weight: 400;\">A Apema apresenta sua pol\u00edtica de uso da terra e do solo para que todos os clientes e fornecedores tenham conhecimento de como contribu\u00edmos para a conscientiza\u00e7\u00e3o e prote\u00e7\u00e3o dessas riquezas naturais. Respeitamos as legisla\u00e7\u00f5es de prote\u00e7\u00e3o ambiental aplic\u00e1veis e incentivamos que nossos parceiros e fornecedores assim o fa\u00e7am. Controlamos preventivamente os impactos, e procuramos usar a terra de forma consciente. Nossas opera\u00e7\u00f5es passam por planos de a\u00e7\u00f5es para gerenciamento de res\u00edduos s\u00f3lidos, monitoramento de efluentes l\u00edquidos e ru\u00eddos ambientais. Respeitamos, estimulamos e promovemos o uso respons\u00e1vel dos recursos naturais.<\/span><\/p>\n","protected":false},"excerpt":{"rendered":"<p>A Apema apresenta sua pol\u00edtica de uso da terra e do solo para que todos os clientes e fornecedores tenham conhecimento de como contribu\u00edmos para a conscientiza\u00e7\u00e3o e prote\u00e7\u00e3o dessas riquezas naturais. Respeitamos as legisla\u00e7\u00f5es de prote\u00e7\u00e3o ambiental aplic\u00e1veis e incentivamos que nossos parceiros e fornecedores assim o fa\u00e7am. Controlamos preventivamente os impactos, e procuramos [&hellip;]<\/p>\n","protected":false},"author":2,"featured_media":245,"comment_status":"open","ping_status":"open","sticky":false,"template":"","format":"standard","meta":{"footnotes":""},"categories":[20],"tags":[],"class_list":["post-244","post","type-post","status-publish","format-standard","has-post-thumbnail","hentry","category-responsabilidade"],"yoast_head":"<!-- This site is optimized with the Yoast SEO plugin v23.6 - https:\/\/yoast.com\/wordpress\/plugins\/seo\/ -->\n<title>Pol\u00edtica da Terra - Apema<\/title>\n<meta name=\"robots\" content=\"noindex, follow, max-snippet:-1, max-image-preview:large, max-video-preview:-1\" \/>\n<meta property=\"og:locale\" content=\"pt_BR\" \/>\n<meta property=\"og:type\" content=\"article\" \/>\n<meta property=\"og:title\" content=\"Pol\u00edtica da Terra - Apema\" \/>\n<meta property=\"og:description\" content=\"A Apema apresenta sua pol\u00edtica de uso da terra e do solo para que todos os clientes e fornecedores tenham conhecimento de como contribu\u00edmos para a conscientiza\u00e7\u00e3o e prote\u00e7\u00e3o dessas riquezas naturais. Respeitamos as legisla\u00e7\u00f5es de prote\u00e7\u00e3o ambiental aplic\u00e1veis e incentivamos que nossos parceiros e fornecedores assim o fa\u00e7am. Controlamos preventivamente os impactos, e procuramos [&hellip;]\" \/>\n<meta property=\"og:url\" content=\"https:\/\/tipotemporarioblogs.com.br\/apantigo\/projeto-de-inclusao-social-apema\/\" \/>\n<meta property=\"og:site_name\" content=\"Apema\" \/>\n<meta property=\"article:published_time\" content=\"2022-11-04T17:59:52+00:00\" \/>\n<meta property=\"article:modified_time\" content=\"2023-04-27T15:07:20+00:00\" \/>\n<meta property=\"og:image\" content=\"https:\/\/tipotemporarioblogs.com.br\/apantigo\/wp-content\/uploads\/2022\/11\/Frame-25.png\" \/>\n\t<meta property=\"og:image:width\" content=\"593\" \/>\n\t<meta property=\"og:image:height\" content=\"314\" \/>\n\t<meta property=\"og:image:type\" content=\"image\/png\" \/>\n<meta name=\"author\" content=\"apema\" \/>\n<meta name=\"twitter:card\" content=\"summary_large_image\" \/>\n<meta name=\"twitter:label1\" content=\"Escrito por\" \/>\n\t<meta name=\"twitter:data1\" content=\"apema\" \/>\n\t<meta name=\"twitter:label2\" content=\"Est. tempo de leitura\" \/>\n\t<meta name=\"twitter:data2\" content=\"1 minuto\" \/>\n<script type=\"application\/ld+json\" class=\"yoast-schema-graph\">{\"@context\":\"https:\/\/schema.org\",\"@graph\":[{\"@type\":\"Article\",\"@id\":\"https:\/\/tipotemporarioblogs.com.br\/apantigo\/projeto-de-inclusao-social-apema\/#article\",\"isPartOf\":{\"@id\":\"https:\/\/tipotemporarioblogs.com.br\/apantigo\/projeto-de-inclusao-social-apema\/\"},\"author\":{\"name\":\"apema\",\"@id\":\"https:\/\/tipotemporarioblogs.com.br\/apantigo\/#\/schema\/person\/c0bb845fdbb10d656a3b741bcd53a01c\"},\"headline\":\"Pol\u00edtica da Terra\",\"datePublished\":\"2022-11-04T17:59:52+00:00\",\"dateModified\":\"2023-04-27T15:07:20+00:00\",\"mainEntityOfPage\":{\"@id\":\"https:\/\/tipotemporarioblogs.com.br\/apantigo\/projeto-de-inclusao-social-apema\/\"},\"wordCount\":109,\"commentCount\":0,\"publisher\":{\"@id\":\"https:\/\/tipotemporarioblogs.com.br\/apantigo\/#organization\"},\"image\":{\"@id\":\"https:\/\/tipotemporarioblogs.com.br\/apantigo\/projeto-de-inclusao-social-apema\/#primaryimage\"},\"thumbnailUrl\":\"https:\/\/tipotemporarioblogs.com.br\/apantigo\/wp-content\/uploads\/2022\/11\/Frame-25.png\",\"articleSection\":[\"Responsabilidade\"],\"inLanguage\":\"pt-BR\",\"potentialAction\":[{\"@type\":\"CommentAction\",\"name\":\"Comment\",\"target\":[\"https:\/\/tipotemporarioblogs.com.br\/apantigo\/projeto-de-inclusao-social-apema\/#respond\"]}]},{\"@type\":\"WebPage\",\"@id\":\"https:\/\/tipotemporarioblogs.com.br\/apantigo\/projeto-de-inclusao-social-apema\/\",\"url\":\"https:\/\/tipotemporarioblogs.com.br\/apantigo\/projeto-de-inclusao-social-apema\/\",\"name\":\"Pol\u00edtica da Terra - Apema\",\"isPartOf\":{\"@id\":\"https:\/\/tipotemporarioblogs.com.br\/apantigo\/#website\"},\"primaryImageOfPage\":{\"@id\":\"https:\/\/tipotemporarioblogs.com.br\/apantigo\/projeto-de-inclusao-social-apema\/#primaryimage\"},\"image\":{\"@id\":\"https:\/\/tipotemporarioblogs.com.br\/apantigo\/projeto-de-inclusao-social-apema\/#primaryimage\"},\"thumbnailUrl\":\"https:\/\/tipotemporarioblogs.com.br\/apantigo\/wp-content\/uploads\/2022\/11\/Frame-25.png\",\"datePublished\":\"2022-11-04T17:59:52+00:00\",\"dateModified\":\"2023-04-27T15:07:20+00:00\",\"breadcrumb\":{\"@id\":\"https:\/\/tipotemporarioblogs.com.br\/apantigo\/projeto-de-inclusao-social-apema\/#breadcrumb\"},\"inLanguage\":\"pt-BR\",\"potentialAction\":[{\"@type\":\"ReadAction\",\"target\":[\"https:\/\/tipotemporarioblogs.com.br\/apantigo\/projeto-de-inclusao-social-apema\/\"]}]},{\"@type\":\"ImageObject\",\"inLanguage\":\"pt-BR\",\"@id\":\"https:\/\/tipotemporarioblogs.com.br\/apantigo\/projeto-de-inclusao-social-apema\/#primaryimage\",\"url\":\"https:\/\/tipotemporarioblogs.com.br\/apantigo\/wp-content\/uploads\/2022\/11\/Frame-25.png\",\"contentUrl\":\"https:\/\/tipotemporarioblogs.com.br\/apantigo\/wp-content\/uploads\/2022\/11\/Frame-25.png\",\"width\":593,\"height\":314},{\"@type\":\"BreadcrumbList\",\"@id\":\"https:\/\/tipotemporarioblogs.com.br\/apantigo\/projeto-de-inclusao-social-apema\/#breadcrumb\",\"itemListElement\":[{\"@type\":\"ListItem\",\"position\":1,\"name\":\"In\u00edcio\",\"item\":\"https:\/\/apema.com.br\/\"},{\"@type\":\"ListItem\",\"position\":2,\"name\":\"Pol\u00edtica da Terra\"}]},{\"@type\":\"WebSite\",\"@id\":\"https:\/\/tipotemporarioblogs.com.br\/apantigo\/#website\",\"url\":\"https:\/\/tipotemporarioblogs.com.br\/apantigo\/\",\"name\":\"Apema\",\"description\":\"Trocadores de calor a placas Desmont\u00e1veis | Apema.com.br | S\u00e3o Paulo\",\"publisher\":{\"@id\":\"https:\/\/tipotemporarioblogs.com.br\/apantigo\/#organization\"},\"potentialAction\":[{\"@type\":\"SearchAction\",\"target\":{\"@type\":\"EntryPoint\",\"urlTemplate\":\"https:\/\/tipotemporarioblogs.com.br\/apantigo\/?s={search_term_string}\"},\"query-input\":{\"@type\":\"PropertyValueSpecification\",\"valueRequired\":true,\"valueName\":\"search_term_string\"}}],\"inLanguage\":\"pt-BR\"},{\"@type\":\"Organization\",\"@id\":\"https:\/\/tipotemporarioblogs.com.br\/apantigo\/#organization\",\"name\":\"Apema\",\"url\":\"https:\/\/tipotemporarioblogs.com.br\/apantigo\/\",\"logo\":{\"@type\":\"ImageObject\",\"inLanguage\":\"pt-BR\",\"@id\":\"https:\/\/tipotemporarioblogs.com.br\/apantigo\/#\/schema\/logo\/image\/\",\"url\":\"https:\/\/tipotemporarioblogs.com.br\/apantigo\/wp-content\/uploads\/2022\/10\/Logo-padrao.png\",\"contentUrl\":\"https:\/\/tipotemporarioblogs.com.br\/apantigo\/wp-content\/uploads\/2022\/10\/Logo-padrao.png\",\"width\":612,\"height\":792,\"caption\":\"Apema\"},\"image\":{\"@id\":\"https:\/\/tipotemporarioblogs.com.br\/apantigo\/#\/schema\/logo\/image\/\"}},{\"@type\":\"Person\",\"@id\":\"https:\/\/tipotemporarioblogs.com.br\/apantigo\/#\/schema\/person\/c0bb845fdbb10d656a3b741bcd53a01c\",\"name\":\"apema\",\"image\":{\"@type\":\"ImageObject\",\"inLanguage\":\"pt-BR\",\"@id\":\"https:\/\/tipotemporarioblogs.com.br\/apantigo\/#\/schema\/person\/image\/\",\"url\":\"https:\/\/secure.gravatar.com\/avatar\/2efc3200f000d50354bb6b0b0ed424d56312fdda41771114a972509b031401ce?s=96&d=mm&r=g\",\"contentUrl\":\"https:\/\/secure.gravatar.com\/avatar\/2efc3200f000d50354bb6b0b0ed424d56312fdda41771114a972509b031401ce?s=96&d=mm&r=g\",\"caption\":\"apema\"},\"url\":\"https:\/\/tipotemporarioblogs.com.br\/apantigo\/author\/apema\/\"}]}<\/script>\n<!-- \/ Yoast SEO plugin. -->","yoast_head_json":{"title":"Pol\u00edtica da Terra - Apema","robots":{"index":"noindex","follow":"follow","max-snippet":"max-snippet:-1","max-image-preview":"max-image-preview:large","max-video-preview":"max-video-preview:-1"},"og_locale":"pt_BR","og_type":"article","og_title":"Pol\u00edtica da Terra - Apema","og_description":"A Apema apresenta sua pol\u00edtica de uso da terra e do solo para que todos os clientes e fornecedores tenham conhecimento de como contribu\u00edmos para a conscientiza\u00e7\u00e3o e prote\u00e7\u00e3o dessas riquezas naturais. Respeitamos as legisla\u00e7\u00f5es de prote\u00e7\u00e3o ambiental aplic\u00e1veis e incentivamos que nossos parceiros e fornecedores assim o fa\u00e7am. Controlamos preventivamente os impactos, e procuramos [&hellip;]","og_url":"https:\/\/tipotemporarioblogs.com.br\/apantigo\/projeto-de-inclusao-social-apema\/","og_site_name":"Apema","article_published_time":"2022-11-04T17:59:52+00:00","article_modified_time":"2023-04-27T15:07:20+00:00","og_image":[{"width":593,"height":314,"url":"https:\/\/tipotemporarioblogs.com.br\/apantigo\/wp-content\/uploads\/2022\/11\/Frame-25.png","type":"image\/png"}],"author":"apema","twitter_card":"summary_large_image","twitter_misc":{"Escrito por":"apema","Est. tempo de leitura":"1 minuto"},"schema":{"@context":"https:\/\/schema.org","@graph":[{"@type":"Article","@id":"https:\/\/tipotemporarioblogs.com.br\/apantigo\/projeto-de-inclusao-social-apema\/#article","isPartOf":{"@id":"https:\/\/tipotemporarioblogs.com.br\/apantigo\/projeto-de-inclusao-social-apema\/"},"author":{"name":"apema","@id":"https:\/\/tipotemporarioblogs.com.br\/apantigo\/#\/schema\/person\/c0bb845fdbb10d656a3b741bcd53a01c"},"headline":"Pol\u00edtica da Terra","datePublished":"2022-11-04T17:59:52+00:00","dateModified":"2023-04-27T15:07:20+00:00","mainEntityOfPage":{"@id":"https:\/\/tipotemporarioblogs.com.br\/apantigo\/projeto-de-inclusao-social-apema\/"},"wordCount":109,"commentCount":0,"publisher":{"@id":"https:\/\/tipotemporarioblogs.com.br\/apantigo\/#organization"},"image":{"@id":"https:\/\/tipotemporarioblogs.com.br\/apantigo\/projeto-de-inclusao-social-apema\/#primaryimage"},"thumbnailUrl":"https:\/\/tipotemporarioblogs.com.br\/apantigo\/wp-content\/uploads\/2022\/11\/Frame-25.png","articleSection":["Responsabilidade"],"inLanguage":"pt-BR","potentialAction":[{"@type":"CommentAction","name":"Comment","target":["https:\/\/tipotemporarioblogs.com.br\/apantigo\/projeto-de-inclusao-social-apema\/#respond"]}]},{"@type":"WebPage","@id":"https:\/\/tipotemporarioblogs.com.br\/apantigo\/projeto-de-inclusao-social-apema\/","url":"https:\/\/tipotemporarioblogs.com.br\/apantigo\/projeto-de-inclusao-social-apema\/","name":"Pol\u00edtica da Terra - Apema","isPartOf":{"@id":"https:\/\/tipotemporarioblogs.com.br\/apantigo\/#website"},"primaryImageOfPage":{"@id":"https:\/\/tipotemporarioblogs.com.br\/apantigo\/projeto-de-inclusao-social-apema\/#primaryimage"},"image":{"@id":"https:\/\/tipotemporarioblogs.com.br\/apantigo\/projeto-de-inclusao-social-apema\/#primaryimage"},"thumbnailUrl":"https:\/\/tipotemporarioblogs.com.br\/apantigo\/wp-content\/uploads\/2022\/11\/Frame-25.png","datePublished":"2022-11-04T17:59:52+00:00","dateModified":"2023-04-27T15:07:20+00:00","breadcrumb":{"@id":"https:\/\/tipotemporarioblogs.com.br\/apantigo\/projeto-de-inclusao-social-apema\/#breadcrumb"},"inLanguage":"pt-BR","potentialAction":[{"@type":"ReadAction","target":["https:\/\/tipotemporarioblogs.com.br\/apantigo\/projeto-de-inclusao-social-apema\/"]}]},{"@type":"ImageObject","inLanguage":"pt-BR","@id":"https:\/\/tipotemporarioblogs.com.br\/apantigo\/projeto-de-inclusao-social-apema\/#primaryimage","url":"https:\/\/tipotemporarioblogs.com.br\/apantigo\/wp-content\/uploads\/2022\/11\/Frame-25.png","contentUrl":"https:\/\/tipotemporarioblogs.com.br\/apantigo\/wp-content\/uploads\/2022\/11\/Frame-25.png","width":593,"height":314},{"@type":"BreadcrumbList","@id":"https:\/\/tipotemporarioblogs.com.br\/apantigo\/projeto-de-inclusao-social-apema\/#breadcrumb","itemListElement":[{"@type":"ListItem","position":1,"name":"In\u00edcio","item":"https:\/\/apema.com.br\/"},{"@type":"ListItem","position":2,"name":"Pol\u00edtica da Terra"}]},{"@type":"WebSite","@id":"https:\/\/tipotemporarioblogs.com.br\/apantigo\/#website","url":"https:\/\/tipotemporarioblogs.com.br\/apantigo\/","name":"Apema","description":"Trocadores de calor a placas Desmont\u00e1veis | Apema.com.br | S\u00e3o Paulo","publisher":{"@id":"https:\/\/tipotemporarioblogs.com.br\/apantigo\/#organization"},"potentialAction":[{"@type":"SearchAction","target":{"@type":"EntryPoint","urlTemplate":"https:\/\/tipotemporarioblogs.com.br\/apantigo\/?s={search_term_string}"},"query-input":{"@type":"PropertyValueSpecification","valueRequired":true,"valueName":"search_term_string"}}],"inLanguage":"pt-BR"},{"@type":"Organization","@id":"https:\/\/tipotemporarioblogs.com.br\/apantigo\/#organization","name":"Apema","url":"https:\/\/tipotemporarioblogs.com.br\/apantigo\/","logo":{"@type":"ImageObject","inLanguage":"pt-BR","@id":"https:\/\/tipotemporarioblogs.com.br\/apantigo\/#\/schema\/logo\/image\/","url":"https:\/\/tipotemporarioblogs.com.br\/apantigo\/wp-content\/uploads\/2022\/10\/Logo-padrao.png","contentUrl":"https:\/\/tipotemporarioblogs.com.br\/apantigo\/wp-content\/uploads\/2022\/10\/Logo-padrao.png","width":612,"height":792,"caption":"Apema"},"image":{"@id":"https:\/\/tipotemporarioblogs.com.br\/apantigo\/#\/schema\/logo\/image\/"}},{"@type":"Person","@id":"https:\/\/tipotemporarioblogs.com.br\/apantigo\/#\/schema\/person\/c0bb845fdbb10d656a3b741bcd53a01c","name":"apema","image":{"@type":"ImageObject","inLanguage":"pt-BR","@id":"https:\/\/tipotemporarioblogs.com.br\/apantigo\/#\/schema\/person\/image\/","url":"https:\/\/secure.gravatar.com\/avatar\/2efc3200f000d50354bb6b0b0ed424d56312fdda41771114a972509b031401ce?s=96&d=mm&r=g","contentUrl":"https:\/\/secure.gravatar.com\/avatar\/2efc3200f000d50354bb6b0b0ed424d56312fdda41771114a972509b031401ce?s=96&d=mm&r=g","caption":"apema"},"url":"https:\/\/tipotemporarioblogs.com.br\/apantigo\/author\/apema\/"}]}},"_links":{"self":[{"href":"https:\/\/tipotemporarioblogs.com.br\/apantigo\/wp-json\/wp\/v2\/posts\/244","targetHints":{"allow":["GET"]}}],"collection":[{"href":"https:\/\/tipotemporarioblogs.com.br\/apantigo\/wp-json\/wp\/v2\/posts"}],"about":[{"href":"https:\/\/tipotemporarioblogs.com.br\/apantigo\/wp-json\/wp\/v2\/types\/post"}],"author":[{"embeddable":true,"href":"https:\/\/tipotemporarioblogs.com.br\/apantigo\/wp-json\/wp\/v2\/users\/2"}],"replies":[{"embeddable":true,"href":"https:\/\/tipotemporarioblogs.com.br\/apantigo\/wp-json\/wp\/v2\/comments?post=244"}],"version-history":[{"count":2,"href":"https:\/\/tipotemporarioblogs.com.br\/apantigo\/wp-json\/wp\/v2\/posts\/244\/revisions"}],"predecessor-version":[{"id":772,"href":"https:\/\/tipotemporarioblogs.com.br\/apantigo\/wp-json\/wp\/v2\/posts\/244\/revisions\/772"}],"wp:featuredmedia":[{"embeddable":true,"href":"https:\/\/tipotemporarioblogs.com.br\/apantigo\/wp-json\/wp\/v2\/media\/245"}],"wp:attachment":[{"href":"https:\/\/tipotemporarioblogs.com.br\/apantigo\/wp-json\/wp\/v2\/media?parent=244"}],"wp:term":[{"taxonomy":"category","embeddable":true,"href":"https:\/\/tipotemporarioblogs.com.br\/apantigo\/wp-json\/wp\/v2\/categories?post=244"},{"taxonomy":"post_tag","embeddable":true,"href":"https:\/\/tipotemporarioblogs.com.br\/apantigo\/wp-json\/wp\/v2\/tags?post=244"}],"curies":[{"name":"wp","href":"https:\/\/api.w.org\/{rel}","templated":true}]}}