{"id":1464,"date":"2024-08-12T20:28:45","date_gmt":"2024-08-12T20:28:45","guid":{"rendered":"https:\/\/tipotemporarioblogs.com.br\/apantigo\/?p=1464"},"modified":"2024-08-12T20:28:45","modified_gmt":"2024-08-12T20:28:45","slug":"esg-na-apema-compromisso-com-sustentabilidade-e-responsabilidade-social","status":"publish","type":"post","link":"https:\/\/tipotemporarioblogs.com.br\/apantigo\/esg-na-apema-compromisso-com-sustentabilidade-e-responsabilidade-social\/","title":{"rendered":"ESG na Apema: Compromisso com sustentabilidade e responsabilidade social"},"content":{"rendered":"<p><span style=\"font-weight: 400;\">O conceito de ESG (Ambiental, Social e Governan\u00e7a) vem ganhando destaque nos \u00faltimos anos como uma resposta necess\u00e1ria \u00e0s demandas da sociedade contempor\u00e2nea. Na <\/span><a href=\"https:\/\/tipotemporarioblogs.com.br\/apantigo\/\"><span style=\"font-weight: 400;\">Apema<\/span><\/a><span style=\"font-weight: 400;\">, estamos comprometidos em implementar diversas iniciativas relacionadas a esses tr\u00eas pilares. Conheceremos mais sobre nossos projetos e a\u00e7\u00f5es.<\/span><\/p>\n<h2><b>O que \u00e9 ESG?<\/b><\/h2>\n<p><span style=\"font-weight: 400;\">ESG \u00e9 um acr\u00f4nimo em ingl\u00eas que significa Environmental, Social, and Governance, traduzido para o portugu\u00eas como Ambiental, Social e Governan\u00e7a. Essas pr\u00e1ticas s\u00e3o adotadas por empresas que desejam garantir opera\u00e7\u00f5es mais sustent\u00e1veis, \u00e9ticas e socialmente respons\u00e1veis.<\/span><\/p>\n<h3><b>Environmental (Ambiental)<\/b><\/h3>\n<p><span style=\"font-weight: 400;\">O aspecto ambiental do ESG foca na responsabilidade ecol\u00f3gica das empresas. Isso inclui pr\u00e1ticas que visam a conserva\u00e7\u00e3o dos recursos naturais, a redu\u00e7\u00e3o da pegada de carbono, a minimiza\u00e7\u00e3o de res\u00edduos e a implementa\u00e7\u00e3o de solu\u00e7\u00f5es inovadoras para a sustentabilidade.\u00a0<\/span><\/p>\n<p><span style=\"font-weight: 400;\">Empresas comprometidas com o &#8220;E&#8221; de ESG investem em energias renov\u00e1veis, adotam pol\u00edticas de reciclagem e trabalham para reduzir emiss\u00f5es de gases de efeito estufa.<\/span><\/p>\n<h3><b>Social (Social)<\/b><\/h3>\n<p><span style=\"font-weight: 400;\">O componente social do ESG abrange o impacto das empresas nas pessoas e nas comunidades. Isso envolve garantir condi\u00e7\u00f5es de trabalho seguras e justas, promover a diversidade e a inclus\u00e3o, proteger os direitos humanos e contribuir positivamente para o bem-estar das comunidades locais.\u00a0<\/span><\/p>\n<p><span style=\"font-weight: 400;\">Empresas focadas no &#8220;S&#8221; de ESG desenvolvem programas sociais, investem em educa\u00e7\u00e3o, sa\u00fade e bem-estar dos colaboradores e da sociedade em geral.<\/span><\/p>\n<h3><b>Governance (Governan\u00e7a)<\/b><\/h3>\n<p><span style=\"font-weight: 400;\">A governan\u00e7a refere-se \u00e0s pr\u00e1ticas de gest\u00e3o e controle das empresas. Esse aspecto do ESG envolve garantir transpar\u00eancia, responsabilidade e \u00e9tica nos processos corporativos.\u00a0<\/span><\/p>\n<p><span style=\"font-weight: 400;\">Empresas que valorizam a governan\u00e7a implementam c\u00f3digos de conduta, estabelecem conselhos de administra\u00e7\u00e3o independentes e promovem uma cultura de conformidade e integridade.\u00a0<\/span><\/p>\n<p><span style=\"font-weight: 400;\">A boa governan\u00e7a assegura que as decis\u00f5es corporativas sejam tomadas de maneira justa e informada, protegendo os interesses dos stakeholders.<\/span><\/p>\n<p><span style=\"font-weight: 400;\">Ao integrar pr\u00e1ticas de ESG, as empresas contribuem para um mundo mais sustent\u00e1vel, equitativo e bem governado, beneficiando tanto a sociedade quanto o meio ambiente e assegurando a longevidade e a resili\u00eancia dos neg\u00f3cios.<\/span><\/p>\n<h2><b>ESG na Apema<\/b><\/h2>\n<h3><b>Ambiental: A\u00e7\u00f5es sustent\u00e1veis e redu\u00e7\u00e3o de impacto<\/b><\/h3>\n<p><span style=\"font-weight: 400;\">Na Apema, o compromisso com a sustentabilidade ambiental \u00e9 uma prioridade fundamental. Nosso pilar ambiental est\u00e1 estruturado em pr\u00e1ticas que visam n\u00e3o apenas reduzir o impacto ecol\u00f3gico, mas tamb\u00e9m promover uma cultura de responsabilidade ambiental entre nossos colaboradores e parceiros.<\/span><\/p>\n<h4><b>Separa\u00e7\u00e3o e reciclagem de res\u00edduos<\/b><\/h4>\n<p><span style=\"font-weight: 400;\">Internamente, adotamos uma rigorosa pol\u00edtica de separa\u00e7\u00e3o de res\u00edduos, onde o lixo recicl\u00e1vel \u00e9 cuidadosamente separado do lixo org\u00e2nico. Esta pr\u00e1tica reduz a quantidade de res\u00edduos enviados para aterro e contribui para a economia circular ao garantir que os materiais recicl\u00e1veis sejam aproveitados eficientemente.\u00a0<\/span><\/p>\n<p><span style=\"font-weight: 400;\">Todo o material recicl\u00e1vel \u00e9 doado para a Coopcent ABC, uma cooperativa localizada em S\u00e3o Bernardo do Campo que promove a inclus\u00e3o social e econ\u00f4mica de catadores de materiais recicl\u00e1veis.<\/span><\/p>\n<h4><b>Investimento em energia renov\u00e1vel<\/b><\/h4>\n<p><span style=\"font-weight: 400;\">Para diminuir nossa pegada de carbono e avan\u00e7ar em dire\u00e7\u00e3o a uma matriz energ\u00e9tica mais sustent\u00e1vel, investimos na instala\u00e7\u00e3o de pain\u00e9is solares em nossas instala\u00e7\u00f5es.\u00a0<\/span><\/p>\n<p><span style=\"font-weight: 400;\">Este investimento visa reduzir significativamente as emiss\u00f5es de CO\u2082 associadas \u00e0 nossa opera\u00e7\u00e3o e promover o uso de energia limpa e renov\u00e1vel.\u00a0<\/span><\/p>\n<p><span style=\"font-weight: 400;\">Os pain\u00e9is solares diminuem nossa depend\u00eancia de fontes de energia f\u00f3sseis e reduzem os custos operacionais relacionados \u00e0 eletricidade.<\/span><\/p>\n<h3><b>Social: Compromisso com a comunidade e bem-estar<\/b><\/h3>\n<p><span style=\"font-weight: 400;\">Entendemos que a responsabilidade social vai al\u00e9m das pr\u00e1ticas empresariais e inclui um compromisso ativo com a comunidade e o bem-estar dos indiv\u00edduos que fazem parte dela.<\/span><\/p>\n<h4><b>Apoio \u00e0 comunidade local<\/b><\/h4>\n<p><span style=\"font-weight: 400;\">Al\u00e9m de nossas pr\u00e1ticas de reciclagem, contribu\u00edmos para a comunidade local atrav\u00e9s da doa\u00e7\u00e3o de cestas b\u00e1sicas aos catadores da Coopcent ABC. Esta a\u00e7\u00e3o n\u00e3o s\u00f3 proporciona al\u00edvio imediato para aqueles que enfrentam dificuldades, mas tamb\u00e9m refor\u00e7a nosso compromisso com o desenvolvimento social e a melhoria das condi\u00e7\u00f5es de vida de grupos vulner\u00e1veis.<\/span><\/p>\n<h4><b>Contribui\u00e7\u00e3o para a sa\u00fade p\u00fablica<\/b><\/h4>\n<p><span style=\"font-weight: 400;\">Reconhecemos a import\u00e2ncia de apoiar iniciativas que promovem a sa\u00fade e o bem-estar p\u00fablico. Por isso, fazemos doa\u00e7\u00f5es para a ABRALE (Associa\u00e7\u00e3o Brasileira de Linfoma e Leucemia), uma organiza\u00e7\u00e3o que oferece tratamento gratuito e suporte para pessoas diagnosticadas com linfoma e leucemia.\u00a0<\/span><\/p>\n<p><span style=\"font-weight: 400;\">O Selo &#8220;Investimos na Vida&#8221; que recebemos da ABRALE \u00e9 um testemunho do nosso compromisso cont\u00ednuo com a sa\u00fade p\u00fablica e a assist\u00eancia a quem mais precisa.<\/span><\/p>\n<h3><b>Governan\u00e7a: Transpar\u00eancia e \u00e9tica<\/b><\/h3>\n<p><span style=\"font-weight: 400;\">A boa governan\u00e7a \u00e9 essencial para garantir que nossas opera\u00e7\u00f5es sejam conduzidas de forma \u00e9tica e respons\u00e1vel. Em nossa empresa, estabelecemos uma s\u00e9rie de pr\u00e1ticas e pol\u00edticas para assegurar a integridade e a transpar\u00eancia em todas as nossas a\u00e7\u00f5es.<\/span><\/p>\n<h4><b>C\u00f3digo de conduta e conselho de governan\u00e7a<\/b><\/h4>\n<p><span style=\"font-weight: 400;\">Implementamos um c\u00f3digo de conduta abrangente que se aplica a todos os colaboradores da Apema, independentemente de sua fun\u00e7\u00e3o ou n\u00edvel hier\u00e1rquico. Este c\u00f3digo estabelece padr\u00f5es claros de comportamento \u00e9tico e profissional, promovendo uma cultura de respeito e responsabilidade.\u00a0<\/span><\/p>\n<p><span style=\"font-weight: 400;\">Para assegurar o cumprimento dessas normas, criamos um conselho dedicado \u00e0 investiga\u00e7\u00e3o de den\u00fancias e \u00e0 aplica\u00e7\u00e3o de penalidades conforme necess\u00e1rio. Este conselho atua de forma imparcial e transparente, garantindo que todas as quest\u00f5es relacionadas a \u00e9tica e conduta sejam tratadas com a devida seriedade.<\/span><\/p>\n<p><span style=\"font-weight: 400;\">As pr\u00e1ticas de ESG na Apema demonstram nosso compromisso com a sustentabilidade, a responsabilidade social e a governan\u00e7a \u00e9tica. Ao adotar essas iniciativas, contribu\u00edmos para um futuro melhor e garantimos que nossas opera\u00e7\u00f5es sejam realizadas de maneira justa e respons\u00e1vel. Convidamos voc\u00ea a acompanhar nossos projetos e apoiar essas causas.<\/span><\/p>\n","protected":false},"excerpt":{"rendered":"<p>O conceito de ESG (Ambiental, Social e Governan\u00e7a) vem ganhando destaque nos \u00faltimos anos como uma resposta necess\u00e1ria \u00e0s demandas da sociedade contempor\u00e2nea. Na Apema, estamos comprometidos em implementar diversas iniciativas relacionadas a esses tr\u00eas pilares. Conheceremos mais sobre nossos projetos e a\u00e7\u00f5es. O que \u00e9 ESG? ESG \u00e9 um acr\u00f4nimo em ingl\u00eas que significa [&hellip;]<\/p>\n","protected":false},"author":2,"featured_media":1465,"comment_status":"open","ping_status":"open","sticky":false,"template":"","format":"standard","meta":{"footnotes":""},"categories":[65],"tags":[],"class_list":["post-1464","post","type-post","status-publish","format-standard","has-post-thumbnail","hentry","category-blog"],"yoast_head":"<!-- This site is optimized with the Yoast SEO plugin v23.6 - https:\/\/yoast.com\/wordpress\/plugins\/seo\/ -->\n<title>ESG na Apema: Compromisso com sustentabilidade e responsabilidade social - Apema<\/title>\n<meta name=\"description\" content=\"Conhe\u00e7a as pr\u00e1ticas de ESG na Apema, com a\u00e7\u00f5es ambientais, sociais e de governan\u00e7a que promovem sustentabilidade e responsabilidade.\" \/>\n<meta name=\"robots\" content=\"noindex, follow, max-snippet:-1, max-image-preview:large, max-video-preview:-1\" \/>\n<meta property=\"og:locale\" content=\"pt_BR\" \/>\n<meta property=\"og:type\" content=\"article\" \/>\n<meta property=\"og:title\" content=\"ESG na Apema: Compromisso com sustentabilidade e responsabilidade social - Apema\" \/>\n<meta property=\"og:description\" content=\"Conhe\u00e7a as pr\u00e1ticas de ESG na Apema, com a\u00e7\u00f5es ambientais, sociais e de governan\u00e7a que promovem sustentabilidade e responsabilidade.\" \/>\n<meta property=\"og:url\" content=\"https:\/\/tipotemporarioblogs.com.br\/apantigo\/esg-na-apema-compromisso-com-sustentabilidade-e-responsabilidade-social\/\" \/>\n<meta property=\"og:site_name\" content=\"Apema\" \/>\n<meta property=\"article:published_time\" content=\"2024-08-12T20:28:45+00:00\" \/>\n<meta property=\"og:image\" content=\"https:\/\/tipotemporarioblogs.com.br\/apantigo\/wp-content\/uploads\/2024\/08\/ESG-na-Apema-scaled.jpg\" \/>\n\t<meta property=\"og:image:width\" content=\"2560\" \/>\n\t<meta property=\"og:image:height\" content=\"1707\" \/>\n\t<meta property=\"og:image:type\" content=\"image\/jpeg\" \/>\n<meta name=\"author\" content=\"apema\" \/>\n<meta name=\"twitter:card\" content=\"summary_large_image\" \/>\n<meta name=\"twitter:label1\" content=\"Escrito por\" \/>\n\t<meta name=\"twitter:data1\" content=\"apema\" \/>\n\t<meta name=\"twitter:label2\" content=\"Est. tempo de leitura\" \/>\n\t<meta name=\"twitter:data2\" content=\"5 minutos\" \/>\n<script type=\"application\/ld+json\" class=\"yoast-schema-graph\">{\"@context\":\"https:\/\/schema.org\",\"@graph\":[{\"@type\":\"Article\",\"@id\":\"https:\/\/tipotemporarioblogs.com.br\/apantigo\/esg-na-apema-compromisso-com-sustentabilidade-e-responsabilidade-social\/#article\",\"isPartOf\":{\"@id\":\"https:\/\/tipotemporarioblogs.com.br\/apantigo\/esg-na-apema-compromisso-com-sustentabilidade-e-responsabilidade-social\/\"},\"author\":{\"name\":\"apema\",\"@id\":\"https:\/\/tipotemporarioblogs.com.br\/apantigo\/#\/schema\/person\/c0bb845fdbb10d656a3b741bcd53a01c\"},\"headline\":\"ESG na Apema: Compromisso com sustentabilidade e responsabilidade social\",\"datePublished\":\"2024-08-12T20:28:45+00:00\",\"dateModified\":\"2024-08-12T20:28:45+00:00\",\"mainEntityOfPage\":{\"@id\":\"https:\/\/tipotemporarioblogs.com.br\/apantigo\/esg-na-apema-compromisso-com-sustentabilidade-e-responsabilidade-social\/\"},\"wordCount\":1001,\"commentCount\":0,\"publisher\":{\"@id\":\"https:\/\/tipotemporarioblogs.com.br\/apantigo\/#organization\"},\"image\":{\"@id\":\"https:\/\/tipotemporarioblogs.com.br\/apantigo\/esg-na-apema-compromisso-com-sustentabilidade-e-responsabilidade-social\/#primaryimage\"},\"thumbnailUrl\":\"https:\/\/tipotemporarioblogs.com.br\/apantigo\/wp-content\/uploads\/2024\/08\/ESG-na-Apema-scaled.jpg\",\"articleSection\":[\"BLOG\"],\"inLanguage\":\"pt-BR\",\"potentialAction\":[{\"@type\":\"CommentAction\",\"name\":\"Comment\",\"target\":[\"https:\/\/tipotemporarioblogs.com.br\/apantigo\/esg-na-apema-compromisso-com-sustentabilidade-e-responsabilidade-social\/#respond\"]}]},{\"@type\":\"WebPage\",\"@id\":\"https:\/\/tipotemporarioblogs.com.br\/apantigo\/esg-na-apema-compromisso-com-sustentabilidade-e-responsabilidade-social\/\",\"url\":\"https:\/\/tipotemporarioblogs.com.br\/apantigo\/esg-na-apema-compromisso-com-sustentabilidade-e-responsabilidade-social\/\",\"name\":\"ESG na Apema: Compromisso com sustentabilidade e responsabilidade social - Apema\",\"isPartOf\":{\"@id\":\"https:\/\/tipotemporarioblogs.com.br\/apantigo\/#website\"},\"primaryImageOfPage\":{\"@id\":\"https:\/\/tipotemporarioblogs.com.br\/apantigo\/esg-na-apema-compromisso-com-sustentabilidade-e-responsabilidade-social\/#primaryimage\"},\"image\":{\"@id\":\"https:\/\/tipotemporarioblogs.com.br\/apantigo\/esg-na-apema-compromisso-com-sustentabilidade-e-responsabilidade-social\/#primaryimage\"},\"thumbnailUrl\":\"https:\/\/tipotemporarioblogs.com.br\/apantigo\/wp-content\/uploads\/2024\/08\/ESG-na-Apema-scaled.jpg\",\"datePublished\":\"2024-08-12T20:28:45+00:00\",\"dateModified\":\"2024-08-12T20:28:45+00:00\",\"description\":\"Conhe\u00e7a as pr\u00e1ticas de ESG na Apema, com a\u00e7\u00f5es ambientais, sociais e de governan\u00e7a que promovem sustentabilidade e responsabilidade.\",\"breadcrumb\":{\"@id\":\"https:\/\/tipotemporarioblogs.com.br\/apantigo\/esg-na-apema-compromisso-com-sustentabilidade-e-responsabilidade-social\/#breadcrumb\"},\"inLanguage\":\"pt-BR\",\"potentialAction\":[{\"@type\":\"ReadAction\",\"target\":[\"https:\/\/tipotemporarioblogs.com.br\/apantigo\/esg-na-apema-compromisso-com-sustentabilidade-e-responsabilidade-social\/\"]}]},{\"@type\":\"ImageObject\",\"inLanguage\":\"pt-BR\",\"@id\":\"https:\/\/tipotemporarioblogs.com.br\/apantigo\/esg-na-apema-compromisso-com-sustentabilidade-e-responsabilidade-social\/#primaryimage\",\"url\":\"https:\/\/tipotemporarioblogs.com.br\/apantigo\/wp-content\/uploads\/2024\/08\/ESG-na-Apema-scaled.jpg\",\"contentUrl\":\"https:\/\/tipotemporarioblogs.com.br\/apantigo\/wp-content\/uploads\/2024\/08\/ESG-na-Apema-scaled.jpg\",\"width\":2560,\"height\":1707,\"caption\":\"ESG na Apema\"},{\"@type\":\"BreadcrumbList\",\"@id\":\"https:\/\/tipotemporarioblogs.com.br\/apantigo\/esg-na-apema-compromisso-com-sustentabilidade-e-responsabilidade-social\/#breadcrumb\",\"itemListElement\":[{\"@type\":\"ListItem\",\"position\":1,\"name\":\"In\u00edcio\",\"item\":\"https:\/\/apema.com.br\/\"},{\"@type\":\"ListItem\",\"position\":2,\"name\":\"ESG na Apema: Compromisso com sustentabilidade e responsabilidade social\"}]},{\"@type\":\"WebSite\",\"@id\":\"https:\/\/tipotemporarioblogs.com.br\/apantigo\/#website\",\"url\":\"https:\/\/tipotemporarioblogs.com.br\/apantigo\/\",\"name\":\"Apema\",\"description\":\"Trocadores de calor a placas Desmont\u00e1veis | Apema.com.br | S\u00e3o Paulo\",\"publisher\":{\"@id\":\"https:\/\/tipotemporarioblogs.com.br\/apantigo\/#organization\"},\"potentialAction\":[{\"@type\":\"SearchAction\",\"target\":{\"@type\":\"EntryPoint\",\"urlTemplate\":\"https:\/\/tipotemporarioblogs.com.br\/apantigo\/?s={search_term_string}\"},\"query-input\":{\"@type\":\"PropertyValueSpecification\",\"valueRequired\":true,\"valueName\":\"search_term_string\"}}],\"inLanguage\":\"pt-BR\"},{\"@type\":\"Organization\",\"@id\":\"https:\/\/tipotemporarioblogs.com.br\/apantigo\/#organization\",\"name\":\"Apema\",\"url\":\"https:\/\/tipotemporarioblogs.com.br\/apantigo\/\",\"logo\":{\"@type\":\"ImageObject\",\"inLanguage\":\"pt-BR\",\"@id\":\"https:\/\/tipotemporarioblogs.com.br\/apantigo\/#\/schema\/logo\/image\/\",\"url\":\"https:\/\/tipotemporarioblogs.com.br\/apantigo\/wp-content\/uploads\/2022\/10\/Logo-padrao.png\",\"contentUrl\":\"https:\/\/tipotemporarioblogs.com.br\/apantigo\/wp-content\/uploads\/2022\/10\/Logo-padrao.png\",\"width\":612,\"height\":792,\"caption\":\"Apema\"},\"image\":{\"@id\":\"https:\/\/tipotemporarioblogs.com.br\/apantigo\/#\/schema\/logo\/image\/\"}},{\"@type\":\"Person\",\"@id\":\"https:\/\/tipotemporarioblogs.com.br\/apantigo\/#\/schema\/person\/c0bb845fdbb10d656a3b741bcd53a01c\",\"name\":\"apema\",\"image\":{\"@type\":\"ImageObject\",\"inLanguage\":\"pt-BR\",\"@id\":\"https:\/\/tipotemporarioblogs.com.br\/apantigo\/#\/schema\/person\/image\/\",\"url\":\"https:\/\/secure.gravatar.com\/avatar\/2efc3200f000d50354bb6b0b0ed424d56312fdda41771114a972509b031401ce?s=96&d=mm&r=g\",\"contentUrl\":\"https:\/\/secure.gravatar.com\/avatar\/2efc3200f000d50354bb6b0b0ed424d56312fdda41771114a972509b031401ce?s=96&d=mm&r=g\",\"caption\":\"apema\"},\"url\":\"https:\/\/tipotemporarioblogs.com.br\/apantigo\/author\/apema\/\"}]}<\/script>\n<!-- \/ Yoast SEO plugin. -->","yoast_head_json":{"title":"ESG na Apema: Compromisso com sustentabilidade e responsabilidade social - Apema","description":"Conhe\u00e7a as pr\u00e1ticas de ESG na Apema, com a\u00e7\u00f5es ambientais, sociais e de governan\u00e7a que promovem sustentabilidade e responsabilidade.","robots":{"index":"noindex","follow":"follow","max-snippet":"max-snippet:-1","max-image-preview":"max-image-preview:large","max-video-preview":"max-video-preview:-1"},"og_locale":"pt_BR","og_type":"article","og_title":"ESG na Apema: Compromisso com sustentabilidade e responsabilidade social - Apema","og_description":"Conhe\u00e7a as pr\u00e1ticas de ESG na Apema, com a\u00e7\u00f5es ambientais, sociais e de governan\u00e7a que promovem sustentabilidade e responsabilidade.","og_url":"https:\/\/tipotemporarioblogs.com.br\/apantigo\/esg-na-apema-compromisso-com-sustentabilidade-e-responsabilidade-social\/","og_site_name":"Apema","article_published_time":"2024-08-12T20:28:45+00:00","og_image":[{"width":2560,"height":1707,"url":"https:\/\/tipotemporarioblogs.com.br\/apantigo\/wp-content\/uploads\/2024\/08\/ESG-na-Apema-scaled.jpg","type":"image\/jpeg"}],"author":"apema","twitter_card":"summary_large_image","twitter_misc":{"Escrito por":"apema","Est. tempo de leitura":"5 minutos"},"schema":{"@context":"https:\/\/schema.org","@graph":[{"@type":"Article","@id":"https:\/\/tipotemporarioblogs.com.br\/apantigo\/esg-na-apema-compromisso-com-sustentabilidade-e-responsabilidade-social\/#article","isPartOf":{"@id":"https:\/\/tipotemporarioblogs.com.br\/apantigo\/esg-na-apema-compromisso-com-sustentabilidade-e-responsabilidade-social\/"},"author":{"name":"apema","@id":"https:\/\/tipotemporarioblogs.com.br\/apantigo\/#\/schema\/person\/c0bb845fdbb10d656a3b741bcd53a01c"},"headline":"ESG na Apema: Compromisso com sustentabilidade e responsabilidade social","datePublished":"2024-08-12T20:28:45+00:00","dateModified":"2024-08-12T20:28:45+00:00","mainEntityOfPage":{"@id":"https:\/\/tipotemporarioblogs.com.br\/apantigo\/esg-na-apema-compromisso-com-sustentabilidade-e-responsabilidade-social\/"},"wordCount":1001,"commentCount":0,"publisher":{"@id":"https:\/\/tipotemporarioblogs.com.br\/apantigo\/#organization"},"image":{"@id":"https:\/\/tipotemporarioblogs.com.br\/apantigo\/esg-na-apema-compromisso-com-sustentabilidade-e-responsabilidade-social\/#primaryimage"},"thumbnailUrl":"https:\/\/tipotemporarioblogs.com.br\/apantigo\/wp-content\/uploads\/2024\/08\/ESG-na-Apema-scaled.jpg","articleSection":["BLOG"],"inLanguage":"pt-BR","potentialAction":[{"@type":"CommentAction","name":"Comment","target":["https:\/\/tipotemporarioblogs.com.br\/apantigo\/esg-na-apema-compromisso-com-sustentabilidade-e-responsabilidade-social\/#respond"]}]},{"@type":"WebPage","@id":"https:\/\/tipotemporarioblogs.com.br\/apantigo\/esg-na-apema-compromisso-com-sustentabilidade-e-responsabilidade-social\/","url":"https:\/\/tipotemporarioblogs.com.br\/apantigo\/esg-na-apema-compromisso-com-sustentabilidade-e-responsabilidade-social\/","name":"ESG na Apema: Compromisso com sustentabilidade e responsabilidade social - Apema","isPartOf":{"@id":"https:\/\/tipotemporarioblogs.com.br\/apantigo\/#website"},"primaryImageOfPage":{"@id":"https:\/\/tipotemporarioblogs.com.br\/apantigo\/esg-na-apema-compromisso-com-sustentabilidade-e-responsabilidade-social\/#primaryimage"},"image":{"@id":"https:\/\/tipotemporarioblogs.com.br\/apantigo\/esg-na-apema-compromisso-com-sustentabilidade-e-responsabilidade-social\/#primaryimage"},"thumbnailUrl":"https:\/\/tipotemporarioblogs.com.br\/apantigo\/wp-content\/uploads\/2024\/08\/ESG-na-Apema-scaled.jpg","datePublished":"2024-08-12T20:28:45+00:00","dateModified":"2024-08-12T20:28:45+00:00","description":"Conhe\u00e7a as pr\u00e1ticas de ESG na Apema, com a\u00e7\u00f5es ambientais, sociais e de governan\u00e7a que promovem sustentabilidade e responsabilidade.","breadcrumb":{"@id":"https:\/\/tipotemporarioblogs.com.br\/apantigo\/esg-na-apema-compromisso-com-sustentabilidade-e-responsabilidade-social\/#breadcrumb"},"inLanguage":"pt-BR","potentialAction":[{"@type":"ReadAction","target":["https:\/\/tipotemporarioblogs.com.br\/apantigo\/esg-na-apema-compromisso-com-sustentabilidade-e-responsabilidade-social\/"]}]},{"@type":"ImageObject","inLanguage":"pt-BR","@id":"https:\/\/tipotemporarioblogs.com.br\/apantigo\/esg-na-apema-compromisso-com-sustentabilidade-e-responsabilidade-social\/#primaryimage","url":"https:\/\/tipotemporarioblogs.com.br\/apantigo\/wp-content\/uploads\/2024\/08\/ESG-na-Apema-scaled.jpg","contentUrl":"https:\/\/tipotemporarioblogs.com.br\/apantigo\/wp-content\/uploads\/2024\/08\/ESG-na-Apema-scaled.jpg","width":2560,"height":1707,"caption":"ESG na Apema"},{"@type":"BreadcrumbList","@id":"https:\/\/tipotemporarioblogs.com.br\/apantigo\/esg-na-apema-compromisso-com-sustentabilidade-e-responsabilidade-social\/#breadcrumb","itemListElement":[{"@type":"ListItem","position":1,"name":"In\u00edcio","item":"https:\/\/apema.com.br\/"},{"@type":"ListItem","position":2,"name":"ESG na Apema: Compromisso com sustentabilidade e responsabilidade social"}]},{"@type":"WebSite","@id":"https:\/\/tipotemporarioblogs.com.br\/apantigo\/#website","url":"https:\/\/tipotemporarioblogs.com.br\/apantigo\/","name":"Apema","description":"Trocadores de calor a placas Desmont\u00e1veis | Apema.com.br | S\u00e3o Paulo","publisher":{"@id":"https:\/\/tipotemporarioblogs.com.br\/apantigo\/#organization"},"potentialAction":[{"@type":"SearchAction","target":{"@type":"EntryPoint","urlTemplate":"https:\/\/tipotemporarioblogs.com.br\/apantigo\/?s={search_term_string}"},"query-input":{"@type":"PropertyValueSpecification","valueRequired":true,"valueName":"search_term_string"}}],"inLanguage":"pt-BR"},{"@type":"Organization","@id":"https:\/\/tipotemporarioblogs.com.br\/apantigo\/#organization","name":"Apema","url":"https:\/\/tipotemporarioblogs.com.br\/apantigo\/","logo":{"@type":"ImageObject","inLanguage":"pt-BR","@id":"https:\/\/tipotemporarioblogs.com.br\/apantigo\/#\/schema\/logo\/image\/","url":"https:\/\/tipotemporarioblogs.com.br\/apantigo\/wp-content\/uploads\/2022\/10\/Logo-padrao.png","contentUrl":"https:\/\/tipotemporarioblogs.com.br\/apantigo\/wp-content\/uploads\/2022\/10\/Logo-padrao.png","width":612,"height":792,"caption":"Apema"},"image":{"@id":"https:\/\/tipotemporarioblogs.com.br\/apantigo\/#\/schema\/logo\/image\/"}},{"@type":"Person","@id":"https:\/\/tipotemporarioblogs.com.br\/apantigo\/#\/schema\/person\/c0bb845fdbb10d656a3b741bcd53a01c","name":"apema","image":{"@type":"ImageObject","inLanguage":"pt-BR","@id":"https:\/\/tipotemporarioblogs.com.br\/apantigo\/#\/schema\/person\/image\/","url":"https:\/\/secure.gravatar.com\/avatar\/2efc3200f000d50354bb6b0b0ed424d56312fdda41771114a972509b031401ce?s=96&d=mm&r=g","contentUrl":"https:\/\/secure.gravatar.com\/avatar\/2efc3200f000d50354bb6b0b0ed424d56312fdda41771114a972509b031401ce?s=96&d=mm&r=g","caption":"apema"},"url":"https:\/\/tipotemporarioblogs.com.br\/apantigo\/author\/apema\/"}]}},"_links":{"self":[{"href":"https:\/\/tipotemporarioblogs.com.br\/apantigo\/wp-json\/wp\/v2\/posts\/1464","targetHints":{"allow":["GET"]}}],"collection":[{"href":"https:\/\/tipotemporarioblogs.com.br\/apantigo\/wp-json\/wp\/v2\/posts"}],"about":[{"href":"https:\/\/tipotemporarioblogs.com.br\/apantigo\/wp-json\/wp\/v2\/types\/post"}],"author":[{"embeddable":true,"href":"https:\/\/tipotemporarioblogs.com.br\/apantigo\/wp-json\/wp\/v2\/users\/2"}],"replies":[{"embeddable":true,"href":"https:\/\/tipotemporarioblogs.com.br\/apantigo\/wp-json\/wp\/v2\/comments?post=1464"}],"version-history":[{"count":1,"href":"https:\/\/tipotemporarioblogs.com.br\/apantigo\/wp-json\/wp\/v2\/posts\/1464\/revisions"}],"predecessor-version":[{"id":1466,"href":"https:\/\/tipotemporarioblogs.com.br\/apantigo\/wp-json\/wp\/v2\/posts\/1464\/revisions\/1466"}],"wp:featuredmedia":[{"embeddable":true,"href":"https:\/\/tipotemporarioblogs.com.br\/apantigo\/wp-json\/wp\/v2\/media\/1465"}],"wp:attachment":[{"href":"https:\/\/tipotemporarioblogs.com.br\/apantigo\/wp-json\/wp\/v2\/media?parent=1464"}],"wp:term":[{"taxonomy":"category","embeddable":true,"href":"https:\/\/tipotemporarioblogs.com.br\/apantigo\/wp-json\/wp\/v2\/categories?post=1464"},{"taxonomy":"post_tag","embeddable":true,"href":"https:\/\/tipotemporarioblogs.com.br\/apantigo\/wp-json\/wp\/v2\/tags?post=1464"}],"curies":[{"name":"wp","href":"https:\/\/api.w.org\/{rel}","templated":true}]}}