{"id":1151,"date":"2024-01-16T13:53:55","date_gmt":"2024-01-16T13:53:55","guid":{"rendered":"https:\/\/tipotemporarioblogs.com.br\/apantigo\/?p=1151"},"modified":"2024-01-16T13:53:55","modified_gmt":"2024-01-16T13:53:55","slug":"sustentabilidade-na-pratica-agindo-para-um-futuro-mais-verde","status":"publish","type":"post","link":"https:\/\/tipotemporarioblogs.com.br\/apantigo\/sustentabilidade-na-pratica-agindo-para-um-futuro-mais-verde\/","title":{"rendered":"Sustentabilidade na pr\u00e1tica: Agindo para um futuro mais verde"},"content":{"rendered":"<p>Ao olharmos ao nosso redor, a urg\u00eancia de abra\u00e7ar a sustentabilidade nunca foi t\u00e3o clara. Os impactos das mudan\u00e7as clim\u00e1ticas est\u00e3o se tornando evidentes com eventos clim\u00e1ticos extremos. No entanto, a sustentabilidade \u00e9 mais do que apenas minimizar as mudan\u00e7as clim\u00e1ticas. Ela abrange a conserva\u00e7\u00e3o de ecossistemas, a redu\u00e7\u00e3o do desperd\u00edcio e a promo\u00e7\u00e3o de uma economia circular. Ao incorporarmos pr\u00e1ticas sustent\u00e1veis em nosso cotidiano e apoiarmos empresas e pol\u00edticas que abra\u00e7am esse compromisso, contribu\u00edmos para um futuro mais saud\u00e1vel e equilibrado.<\/p>\n<p><strong>Jornada sustent\u00e1vel na Apema: Pain\u00e9is solares e compromisso real<\/strong><\/p>\n<p>Em 2023, a Apema deu um passo importante para um futuro melhor ao concluir a instala\u00e7\u00e3o de pain\u00e9is solares. Essa iniciativa n\u00e3o apenas demonstra nosso compromisso com a sustentabilidade, mas tamb\u00e9m destaca a import\u00e2ncia de a\u00e7\u00f5es tang\u00edveis para preservar nosso planeta. Afinal, a sustentabilidade \u00e9 a \u00fanica maneira de garantir que as gera\u00e7\u00f5es futuras herdem um planeta habit\u00e1vel e vibrante.<\/p>\n<p>Essa medida n\u00e3o s\u00f3 contribui para a produ\u00e7\u00e3o de energia limpa, mas tamb\u00e9m serve como inspira\u00e7\u00e3o para outras empresas seguirem o mesmo caminho.<\/p>\n<p><strong>Her\u00f3is ambientais na Apema: Treinamento de coleta seletiva<\/strong><\/p>\n<p>Na Apema, entendemos profundamente a import\u00e2ncia de um ambiente sustent\u00e1vel. Recentemente, realizamos um treinamento envolvendo nossos valiosos colaboradores, focado na conscientiza\u00e7\u00e3o sobre a relev\u00e2ncia de se praticar a coleta seletiva.<\/p>\n<p>Ao separar corretamente os res\u00edduos gerados, cada um de n\u00f3s se torna um her\u00f3i ambiental, fazendo nossa parte e ajudando a cuidar do meio ambiente. Juntar-se a n\u00f3s nessa miss\u00e3o \u00e9 fazer a diferen\u00e7a! Cada pequena a\u00e7\u00e3o, como separar os res\u00edduos adequadamente, contribui para a constru\u00e7\u00e3o de um ambiente mais saud\u00e1vel e sustent\u00e1vel.<\/p>\n<p><strong>Fa\u00e7a parte da mudan\u00e7a: Junte-se \u00e0 jornada sustent\u00e1vel da Apema<\/strong><\/p>\n<p>Nossa jornada sustent\u00e1vel \u00e9 uma convoca\u00e7\u00e3o para todos que compartilham a vis\u00e3o de um futuro mais verde. Cada passo que damos em dire\u00e7\u00e3o \u00e0 sustentabilidade \u00e9 uma vit\u00f3ria coletiva, e cada indiv\u00edduo desempenha um papel fundamental nesse processo.<\/p>\n<p>Ent\u00e3o, vamos juntos! Junte-se \u00e0 Apema nessa jornada de compromisso e a\u00e7\u00e3o. Seja parte da mudan\u00e7a que desejamos ver no mundo. Afinal, a sustentabilidade \u00e9 uma oportunidade para moldarmos um amanh\u00e3 mais promissor.<\/p>\n<p>Apema, a marca do trocador de calor, \u00e9 tamb\u00e9m a marca de um compromisso inabal\u00e1vel com a sustentabilidade. Fa\u00e7a parte desse movimento e contribua para a constru\u00e7\u00e3o de um mundo mais sustent\u00e1vel e equilibrado.<\/p>\n","protected":false},"excerpt":{"rendered":"<p>Ao olharmos ao nosso redor, a urg\u00eancia de abra\u00e7ar a sustentabilidade nunca foi t\u00e3o clara. Os impactos das mudan\u00e7as clim\u00e1ticas est\u00e3o se tornando evidentes com eventos clim\u00e1ticos extremos. No entanto, a sustentabilidade \u00e9 mais do que apenas minimizar as mudan\u00e7as clim\u00e1ticas. Ela abrange a conserva\u00e7\u00e3o de ecossistemas, a redu\u00e7\u00e3o do desperd\u00edcio e a promo\u00e7\u00e3o de [&hellip;]<\/p>\n","protected":false},"author":2,"featured_media":1152,"comment_status":"open","ping_status":"open","sticky":false,"template":"","format":"standard","meta":{"footnotes":""},"categories":[57],"tags":[],"class_list":["post-1151","post","type-post","status-publish","format-standard","has-post-thumbnail","hentry","category-sustentabilidade"],"yoast_head":"<!-- This site is optimized with the Yoast SEO plugin v23.6 - https:\/\/yoast.com\/wordpress\/plugins\/seo\/ -->\n<title>Sustentabilidade na pr\u00e1tica: Agindo para um futuro mais verde - Apema<\/title>\n<meta name=\"robots\" content=\"noindex, follow, max-snippet:-1, max-image-preview:large, max-video-preview:-1\" \/>\n<meta property=\"og:locale\" content=\"pt_BR\" \/>\n<meta property=\"og:type\" content=\"article\" \/>\n<meta property=\"og:title\" content=\"Sustentabilidade na pr\u00e1tica: Agindo para um futuro mais verde - Apema\" \/>\n<meta property=\"og:description\" content=\"Ao olharmos ao nosso redor, a urg\u00eancia de abra\u00e7ar a sustentabilidade nunca foi t\u00e3o clara. Os impactos das mudan\u00e7as clim\u00e1ticas est\u00e3o se tornando evidentes com eventos clim\u00e1ticos extremos. No entanto, a sustentabilidade \u00e9 mais do que apenas minimizar as mudan\u00e7as clim\u00e1ticas. Ela abrange a conserva\u00e7\u00e3o de ecossistemas, a redu\u00e7\u00e3o do desperd\u00edcio e a promo\u00e7\u00e3o de [&hellip;]\" \/>\n<meta property=\"og:url\" content=\"https:\/\/tipotemporarioblogs.com.br\/apantigo\/sustentabilidade-na-pratica-agindo-para-um-futuro-mais-verde\/\" \/>\n<meta property=\"og:site_name\" content=\"Apema\" \/>\n<meta property=\"article:published_time\" content=\"2024-01-16T13:53:55+00:00\" \/>\n<meta property=\"og:image\" content=\"https:\/\/tipotemporarioblogs.com.br\/apantigo\/wp-content\/uploads\/2024\/01\/homem-de-vista-frontal-com-blocos-de-madeira-scaled.jpg\" \/>\n\t<meta property=\"og:image:width\" content=\"2560\" \/>\n\t<meta property=\"og:image:height\" content=\"1707\" \/>\n\t<meta property=\"og:image:type\" content=\"image\/jpeg\" \/>\n<meta name=\"author\" content=\"apema\" \/>\n<meta name=\"twitter:card\" content=\"summary_large_image\" \/>\n<meta name=\"twitter:label1\" content=\"Escrito por\" \/>\n\t<meta name=\"twitter:data1\" content=\"apema\" \/>\n\t<meta name=\"twitter:label2\" content=\"Est. tempo de leitura\" \/>\n\t<meta name=\"twitter:data2\" content=\"2 minutos\" \/>\n<script type=\"application\/ld+json\" class=\"yoast-schema-graph\">{\"@context\":\"https:\/\/schema.org\",\"@graph\":[{\"@type\":\"Article\",\"@id\":\"https:\/\/tipotemporarioblogs.com.br\/apantigo\/sustentabilidade-na-pratica-agindo-para-um-futuro-mais-verde\/#article\",\"isPartOf\":{\"@id\":\"https:\/\/tipotemporarioblogs.com.br\/apantigo\/sustentabilidade-na-pratica-agindo-para-um-futuro-mais-verde\/\"},\"author\":{\"name\":\"apema\",\"@id\":\"https:\/\/tipotemporarioblogs.com.br\/apantigo\/#\/schema\/person\/c0bb845fdbb10d656a3b741bcd53a01c\"},\"headline\":\"Sustentabilidade na pr\u00e1tica: Agindo para um futuro mais verde\",\"datePublished\":\"2024-01-16T13:53:55+00:00\",\"dateModified\":\"2024-01-16T13:53:55+00:00\",\"mainEntityOfPage\":{\"@id\":\"https:\/\/tipotemporarioblogs.com.br\/apantigo\/sustentabilidade-na-pratica-agindo-para-um-futuro-mais-verde\/\"},\"wordCount\":446,\"commentCount\":0,\"publisher\":{\"@id\":\"https:\/\/tipotemporarioblogs.com.br\/apantigo\/#organization\"},\"image\":{\"@id\":\"https:\/\/tipotemporarioblogs.com.br\/apantigo\/sustentabilidade-na-pratica-agindo-para-um-futuro-mais-verde\/#primaryimage\"},\"thumbnailUrl\":\"https:\/\/tipotemporarioblogs.com.br\/apantigo\/wp-content\/uploads\/2024\/01\/homem-de-vista-frontal-com-blocos-de-madeira-scaled.jpg\",\"articleSection\":[\"Sustentabilidade\"],\"inLanguage\":\"pt-BR\",\"potentialAction\":[{\"@type\":\"CommentAction\",\"name\":\"Comment\",\"target\":[\"https:\/\/tipotemporarioblogs.com.br\/apantigo\/sustentabilidade-na-pratica-agindo-para-um-futuro-mais-verde\/#respond\"]}]},{\"@type\":\"WebPage\",\"@id\":\"https:\/\/tipotemporarioblogs.com.br\/apantigo\/sustentabilidade-na-pratica-agindo-para-um-futuro-mais-verde\/\",\"url\":\"https:\/\/tipotemporarioblogs.com.br\/apantigo\/sustentabilidade-na-pratica-agindo-para-um-futuro-mais-verde\/\",\"name\":\"Sustentabilidade na pr\u00e1tica: Agindo para um futuro mais verde - Apema\",\"isPartOf\":{\"@id\":\"https:\/\/tipotemporarioblogs.com.br\/apantigo\/#website\"},\"primaryImageOfPage\":{\"@id\":\"https:\/\/tipotemporarioblogs.com.br\/apantigo\/sustentabilidade-na-pratica-agindo-para-um-futuro-mais-verde\/#primaryimage\"},\"image\":{\"@id\":\"https:\/\/tipotemporarioblogs.com.br\/apantigo\/sustentabilidade-na-pratica-agindo-para-um-futuro-mais-verde\/#primaryimage\"},\"thumbnailUrl\":\"https:\/\/tipotemporarioblogs.com.br\/apantigo\/wp-content\/uploads\/2024\/01\/homem-de-vista-frontal-com-blocos-de-madeira-scaled.jpg\",\"datePublished\":\"2024-01-16T13:53:55+00:00\",\"dateModified\":\"2024-01-16T13:53:55+00:00\",\"breadcrumb\":{\"@id\":\"https:\/\/tipotemporarioblogs.com.br\/apantigo\/sustentabilidade-na-pratica-agindo-para-um-futuro-mais-verde\/#breadcrumb\"},\"inLanguage\":\"pt-BR\",\"potentialAction\":[{\"@type\":\"ReadAction\",\"target\":[\"https:\/\/tipotemporarioblogs.com.br\/apantigo\/sustentabilidade-na-pratica-agindo-para-um-futuro-mais-verde\/\"]}]},{\"@type\":\"ImageObject\",\"inLanguage\":\"pt-BR\",\"@id\":\"https:\/\/tipotemporarioblogs.com.br\/apantigo\/sustentabilidade-na-pratica-agindo-para-um-futuro-mais-verde\/#primaryimage\",\"url\":\"https:\/\/tipotemporarioblogs.com.br\/apantigo\/wp-content\/uploads\/2024\/01\/homem-de-vista-frontal-com-blocos-de-madeira-scaled.jpg\",\"contentUrl\":\"https:\/\/tipotemporarioblogs.com.br\/apantigo\/wp-content\/uploads\/2024\/01\/homem-de-vista-frontal-com-blocos-de-madeira-scaled.jpg\",\"width\":2560,\"height\":1707},{\"@type\":\"BreadcrumbList\",\"@id\":\"https:\/\/tipotemporarioblogs.com.br\/apantigo\/sustentabilidade-na-pratica-agindo-para-um-futuro-mais-verde\/#breadcrumb\",\"itemListElement\":[{\"@type\":\"ListItem\",\"position\":1,\"name\":\"In\u00edcio\",\"item\":\"https:\/\/apema.com.br\/\"},{\"@type\":\"ListItem\",\"position\":2,\"name\":\"Sustentabilidade na pr\u00e1tica: Agindo para um futuro mais verde\"}]},{\"@type\":\"WebSite\",\"@id\":\"https:\/\/tipotemporarioblogs.com.br\/apantigo\/#website\",\"url\":\"https:\/\/tipotemporarioblogs.com.br\/apantigo\/\",\"name\":\"Apema\",\"description\":\"Trocadores de calor a placas Desmont\u00e1veis | Apema.com.br | S\u00e3o Paulo\",\"publisher\":{\"@id\":\"https:\/\/tipotemporarioblogs.com.br\/apantigo\/#organization\"},\"potentialAction\":[{\"@type\":\"SearchAction\",\"target\":{\"@type\":\"EntryPoint\",\"urlTemplate\":\"https:\/\/tipotemporarioblogs.com.br\/apantigo\/?s={search_term_string}\"},\"query-input\":{\"@type\":\"PropertyValueSpecification\",\"valueRequired\":true,\"valueName\":\"search_term_string\"}}],\"inLanguage\":\"pt-BR\"},{\"@type\":\"Organization\",\"@id\":\"https:\/\/tipotemporarioblogs.com.br\/apantigo\/#organization\",\"name\":\"Apema\",\"url\":\"https:\/\/tipotemporarioblogs.com.br\/apantigo\/\",\"logo\":{\"@type\":\"ImageObject\",\"inLanguage\":\"pt-BR\",\"@id\":\"https:\/\/tipotemporarioblogs.com.br\/apantigo\/#\/schema\/logo\/image\/\",\"url\":\"https:\/\/tipotemporarioblogs.com.br\/apantigo\/wp-content\/uploads\/2022\/10\/Logo-padrao.png\",\"contentUrl\":\"https:\/\/tipotemporarioblogs.com.br\/apantigo\/wp-content\/uploads\/2022\/10\/Logo-padrao.png\",\"width\":612,\"height\":792,\"caption\":\"Apema\"},\"image\":{\"@id\":\"https:\/\/tipotemporarioblogs.com.br\/apantigo\/#\/schema\/logo\/image\/\"}},{\"@type\":\"Person\",\"@id\":\"https:\/\/tipotemporarioblogs.com.br\/apantigo\/#\/schema\/person\/c0bb845fdbb10d656a3b741bcd53a01c\",\"name\":\"apema\",\"image\":{\"@type\":\"ImageObject\",\"inLanguage\":\"pt-BR\",\"@id\":\"https:\/\/tipotemporarioblogs.com.br\/apantigo\/#\/schema\/person\/image\/\",\"url\":\"https:\/\/secure.gravatar.com\/avatar\/2efc3200f000d50354bb6b0b0ed424d56312fdda41771114a972509b031401ce?s=96&d=mm&r=g\",\"contentUrl\":\"https:\/\/secure.gravatar.com\/avatar\/2efc3200f000d50354bb6b0b0ed424d56312fdda41771114a972509b031401ce?s=96&d=mm&r=g\",\"caption\":\"apema\"},\"url\":\"https:\/\/tipotemporarioblogs.com.br\/apantigo\/author\/apema\/\"}]}<\/script>\n<!-- \/ Yoast SEO plugin. -->","yoast_head_json":{"title":"Sustentabilidade na pr\u00e1tica: Agindo para um futuro mais verde - Apema","robots":{"index":"noindex","follow":"follow","max-snippet":"max-snippet:-1","max-image-preview":"max-image-preview:large","max-video-preview":"max-video-preview:-1"},"og_locale":"pt_BR","og_type":"article","og_title":"Sustentabilidade na pr\u00e1tica: Agindo para um futuro mais verde - Apema","og_description":"Ao olharmos ao nosso redor, a urg\u00eancia de abra\u00e7ar a sustentabilidade nunca foi t\u00e3o clara. Os impactos das mudan\u00e7as clim\u00e1ticas est\u00e3o se tornando evidentes com eventos clim\u00e1ticos extremos. No entanto, a sustentabilidade \u00e9 mais do que apenas minimizar as mudan\u00e7as clim\u00e1ticas. Ela abrange a conserva\u00e7\u00e3o de ecossistemas, a redu\u00e7\u00e3o do desperd\u00edcio e a promo\u00e7\u00e3o de [&hellip;]","og_url":"https:\/\/tipotemporarioblogs.com.br\/apantigo\/sustentabilidade-na-pratica-agindo-para-um-futuro-mais-verde\/","og_site_name":"Apema","article_published_time":"2024-01-16T13:53:55+00:00","og_image":[{"width":2560,"height":1707,"url":"https:\/\/tipotemporarioblogs.com.br\/apantigo\/wp-content\/uploads\/2024\/01\/homem-de-vista-frontal-com-blocos-de-madeira-scaled.jpg","type":"image\/jpeg"}],"author":"apema","twitter_card":"summary_large_image","twitter_misc":{"Escrito por":"apema","Est. tempo de leitura":"2 minutos"},"schema":{"@context":"https:\/\/schema.org","@graph":[{"@type":"Article","@id":"https:\/\/tipotemporarioblogs.com.br\/apantigo\/sustentabilidade-na-pratica-agindo-para-um-futuro-mais-verde\/#article","isPartOf":{"@id":"https:\/\/tipotemporarioblogs.com.br\/apantigo\/sustentabilidade-na-pratica-agindo-para-um-futuro-mais-verde\/"},"author":{"name":"apema","@id":"https:\/\/tipotemporarioblogs.com.br\/apantigo\/#\/schema\/person\/c0bb845fdbb10d656a3b741bcd53a01c"},"headline":"Sustentabilidade na pr\u00e1tica: Agindo para um futuro mais verde","datePublished":"2024-01-16T13:53:55+00:00","dateModified":"2024-01-16T13:53:55+00:00","mainEntityOfPage":{"@id":"https:\/\/tipotemporarioblogs.com.br\/apantigo\/sustentabilidade-na-pratica-agindo-para-um-futuro-mais-verde\/"},"wordCount":446,"commentCount":0,"publisher":{"@id":"https:\/\/tipotemporarioblogs.com.br\/apantigo\/#organization"},"image":{"@id":"https:\/\/tipotemporarioblogs.com.br\/apantigo\/sustentabilidade-na-pratica-agindo-para-um-futuro-mais-verde\/#primaryimage"},"thumbnailUrl":"https:\/\/tipotemporarioblogs.com.br\/apantigo\/wp-content\/uploads\/2024\/01\/homem-de-vista-frontal-com-blocos-de-madeira-scaled.jpg","articleSection":["Sustentabilidade"],"inLanguage":"pt-BR","potentialAction":[{"@type":"CommentAction","name":"Comment","target":["https:\/\/tipotemporarioblogs.com.br\/apantigo\/sustentabilidade-na-pratica-agindo-para-um-futuro-mais-verde\/#respond"]}]},{"@type":"WebPage","@id":"https:\/\/tipotemporarioblogs.com.br\/apantigo\/sustentabilidade-na-pratica-agindo-para-um-futuro-mais-verde\/","url":"https:\/\/tipotemporarioblogs.com.br\/apantigo\/sustentabilidade-na-pratica-agindo-para-um-futuro-mais-verde\/","name":"Sustentabilidade na pr\u00e1tica: Agindo para um futuro mais verde - Apema","isPartOf":{"@id":"https:\/\/tipotemporarioblogs.com.br\/apantigo\/#website"},"primaryImageOfPage":{"@id":"https:\/\/tipotemporarioblogs.com.br\/apantigo\/sustentabilidade-na-pratica-agindo-para-um-futuro-mais-verde\/#primaryimage"},"image":{"@id":"https:\/\/tipotemporarioblogs.com.br\/apantigo\/sustentabilidade-na-pratica-agindo-para-um-futuro-mais-verde\/#primaryimage"},"thumbnailUrl":"https:\/\/tipotemporarioblogs.com.br\/apantigo\/wp-content\/uploads\/2024\/01\/homem-de-vista-frontal-com-blocos-de-madeira-scaled.jpg","datePublished":"2024-01-16T13:53:55+00:00","dateModified":"2024-01-16T13:53:55+00:00","breadcrumb":{"@id":"https:\/\/tipotemporarioblogs.com.br\/apantigo\/sustentabilidade-na-pratica-agindo-para-um-futuro-mais-verde\/#breadcrumb"},"inLanguage":"pt-BR","potentialAction":[{"@type":"ReadAction","target":["https:\/\/tipotemporarioblogs.com.br\/apantigo\/sustentabilidade-na-pratica-agindo-para-um-futuro-mais-verde\/"]}]},{"@type":"ImageObject","inLanguage":"pt-BR","@id":"https:\/\/tipotemporarioblogs.com.br\/apantigo\/sustentabilidade-na-pratica-agindo-para-um-futuro-mais-verde\/#primaryimage","url":"https:\/\/tipotemporarioblogs.com.br\/apantigo\/wp-content\/uploads\/2024\/01\/homem-de-vista-frontal-com-blocos-de-madeira-scaled.jpg","contentUrl":"https:\/\/tipotemporarioblogs.com.br\/apantigo\/wp-content\/uploads\/2024\/01\/homem-de-vista-frontal-com-blocos-de-madeira-scaled.jpg","width":2560,"height":1707},{"@type":"BreadcrumbList","@id":"https:\/\/tipotemporarioblogs.com.br\/apantigo\/sustentabilidade-na-pratica-agindo-para-um-futuro-mais-verde\/#breadcrumb","itemListElement":[{"@type":"ListItem","position":1,"name":"In\u00edcio","item":"https:\/\/apema.com.br\/"},{"@type":"ListItem","position":2,"name":"Sustentabilidade na pr\u00e1tica: Agindo para um futuro mais verde"}]},{"@type":"WebSite","@id":"https:\/\/tipotemporarioblogs.com.br\/apantigo\/#website","url":"https:\/\/tipotemporarioblogs.com.br\/apantigo\/","name":"Apema","description":"Trocadores de calor a placas Desmont\u00e1veis | Apema.com.br | S\u00e3o Paulo","publisher":{"@id":"https:\/\/tipotemporarioblogs.com.br\/apantigo\/#organization"},"potentialAction":[{"@type":"SearchAction","target":{"@type":"EntryPoint","urlTemplate":"https:\/\/tipotemporarioblogs.com.br\/apantigo\/?s={search_term_string}"},"query-input":{"@type":"PropertyValueSpecification","valueRequired":true,"valueName":"search_term_string"}}],"inLanguage":"pt-BR"},{"@type":"Organization","@id":"https:\/\/tipotemporarioblogs.com.br\/apantigo\/#organization","name":"Apema","url":"https:\/\/tipotemporarioblogs.com.br\/apantigo\/","logo":{"@type":"ImageObject","inLanguage":"pt-BR","@id":"https:\/\/tipotemporarioblogs.com.br\/apantigo\/#\/schema\/logo\/image\/","url":"https:\/\/tipotemporarioblogs.com.br\/apantigo\/wp-content\/uploads\/2022\/10\/Logo-padrao.png","contentUrl":"https:\/\/tipotemporarioblogs.com.br\/apantigo\/wp-content\/uploads\/2022\/10\/Logo-padrao.png","width":612,"height":792,"caption":"Apema"},"image":{"@id":"https:\/\/tipotemporarioblogs.com.br\/apantigo\/#\/schema\/logo\/image\/"}},{"@type":"Person","@id":"https:\/\/tipotemporarioblogs.com.br\/apantigo\/#\/schema\/person\/c0bb845fdbb10d656a3b741bcd53a01c","name":"apema","image":{"@type":"ImageObject","inLanguage":"pt-BR","@id":"https:\/\/tipotemporarioblogs.com.br\/apantigo\/#\/schema\/person\/image\/","url":"https:\/\/secure.gravatar.com\/avatar\/2efc3200f000d50354bb6b0b0ed424d56312fdda41771114a972509b031401ce?s=96&d=mm&r=g","contentUrl":"https:\/\/secure.gravatar.com\/avatar\/2efc3200f000d50354bb6b0b0ed424d56312fdda41771114a972509b031401ce?s=96&d=mm&r=g","caption":"apema"},"url":"https:\/\/tipotemporarioblogs.com.br\/apantigo\/author\/apema\/"}]}},"_links":{"self":[{"href":"https:\/\/tipotemporarioblogs.com.br\/apantigo\/wp-json\/wp\/v2\/posts\/1151","targetHints":{"allow":["GET"]}}],"collection":[{"href":"https:\/\/tipotemporarioblogs.com.br\/apantigo\/wp-json\/wp\/v2\/posts"}],"about":[{"href":"https:\/\/tipotemporarioblogs.com.br\/apantigo\/wp-json\/wp\/v2\/types\/post"}],"author":[{"embeddable":true,"href":"https:\/\/tipotemporarioblogs.com.br\/apantigo\/wp-json\/wp\/v2\/users\/2"}],"replies":[{"embeddable":true,"href":"https:\/\/tipotemporarioblogs.com.br\/apantigo\/wp-json\/wp\/v2\/comments?post=1151"}],"version-history":[{"count":1,"href":"https:\/\/tipotemporarioblogs.com.br\/apantigo\/wp-json\/wp\/v2\/posts\/1151\/revisions"}],"predecessor-version":[{"id":1153,"href":"https:\/\/tipotemporarioblogs.com.br\/apantigo\/wp-json\/wp\/v2\/posts\/1151\/revisions\/1153"}],"wp:featuredmedia":[{"embeddable":true,"href":"https:\/\/tipotemporarioblogs.com.br\/apantigo\/wp-json\/wp\/v2\/media\/1152"}],"wp:attachment":[{"href":"https:\/\/tipotemporarioblogs.com.br\/apantigo\/wp-json\/wp\/v2\/media?parent=1151"}],"wp:term":[{"taxonomy":"category","embeddable":true,"href":"https:\/\/tipotemporarioblogs.com.br\/apantigo\/wp-json\/wp\/v2\/categories?post=1151"},{"taxonomy":"post_tag","embeddable":true,"href":"https:\/\/tipotemporarioblogs.com.br\/apantigo\/wp-json\/wp\/v2\/tags?post=1151"}],"curies":[{"name":"wp","href":"https:\/\/api.w.org\/{rel}","templated":true}]}}