{"id":1066,"date":"2023-11-06T13:14:14","date_gmt":"2023-11-06T13:14:14","guid":{"rendered":"https:\/\/tipotemporarioblogs.com.br\/apantigo\/?p=1066"},"modified":"2023-11-06T13:14:14","modified_gmt":"2023-11-06T13:14:14","slug":"esg-na-apema-nosso-compromisso-com-a-sustentabilidade-e-responsabilidade","status":"publish","type":"post","link":"https:\/\/tipotemporarioblogs.com.br\/apantigo\/esg-na-apema-nosso-compromisso-com-a-sustentabilidade-e-responsabilidade\/","title":{"rendered":"ESG na Apema: Nosso Compromisso com a Sustentabilidade e Responsabilidade"},"content":{"rendered":"<p data-pm-slice=\"1 1 []\">O tema <strong>ESG<\/strong> vem se tornando uma grande tend\u00eancia nos \u00faltimos anos e \u00e9 uma resposta necess\u00e1ria a sociedade contempor\u00e2nea. Na Apema, diversos projetos e medidas relacionadas ao acr\u00f4nimo (Ambiental, Social e Governan\u00e7a traduzindo do ingl\u00eas) s\u00e3o implementadas, convidamos voc\u00ea a conhec\u00ea-las.<\/p>\n<ul>\n<li><strong>Ambiental:<\/strong> Na Apema, o meio ambiente \u00e9 tratado com sua devida import\u00e2ncia. Internamente \u00e9 feita uma separa\u00e7\u00e3o do lixo recicl\u00e1vel do org\u00e2nico, onde todo o material recicl\u00e1vel \u00e9 doado para a Coopcent ABC, especificamente para o projeto Reluz, localizado na cidade de S\u00e3o Bernardo do Campo. Ainda na pauta ambiental e com o objetivo de diminuir nossa emiss\u00e3o de CO2, investimos na instala\u00e7\u00e3o de pain\u00e9is solares, buscando uma energia limpa e renov\u00e1vel e reafirmando nosso compromisso com a responsabilidade ambiental.<\/li>\n<li><strong>Social:<\/strong> Nosso compromisso com o ESG n\u00e3o se limita ao ambiental. Al\u00e9m da doa\u00e7\u00e3o dos recicl\u00e1veis, tamb\u00e9m realizamos a doa\u00e7\u00e3o de cestas b\u00e1sicas aos catadores do Projeto Reluz, buscando ajud\u00e1-los de alguma forma. Sabemos que o tratamento de doen\u00e7as como o linfoma e a leucemia, al\u00e9m de serem invasivos ao portador, tamb\u00e9m \u00e9 muito caro. Pensando nisso, n\u00f3s fazemos doa\u00e7\u00f5es para a ABRALE, a Associa\u00e7\u00e3o Brasileira de Linfoma e Leucemia, que busca ajudar pessoas oferecendo tratamento gratuito para essas e outras doen\u00e7as. Temos muito orgulho de dizer que possu\u00edmos o Selo \u201cInvestimos na Vida\u201d, oriundo de nossas doa\u00e7\u00f5es mensais que buscam ajudar essa causa t\u00e3o nobre. Pensando no bem-estar de nossos colaboradores, oferecemos uma vez por ano uma semana com palestras, treinamentos e sess\u00f5es de brainstorming sobre seguran\u00e7a no trabalho, sa\u00fade f\u00edsica, mental e emocional, dire\u00e7\u00e3o defensiva e responsabilidade sexual.<\/li>\n<li><strong>Governan\u00e7a:<\/strong> Dentro de nossa empresa, existem diversos m\u00e9todos de governan\u00e7a corporativa que refletem nossos valores. Um deles foi a cria\u00e7\u00e3o de um c\u00f3digo de conduta que atinge todos os colaboradores da empresa, independente de fun\u00e7\u00e3o ou n\u00edvel hier\u00e1rquico. Decorrente do c\u00f3digo de conduta, temos tamb\u00e9m um conselho, respons\u00e1vel por apurar as den\u00fancias recebidas e aplicar as penalidades de acordo com o que consta no mesmo. Temos tamb\u00e9m um canal de den\u00fancias, por onde os colaboradores ou qualquer pessoa que tenha contato com algum colaborador pode relatar qualquer situa\u00e7\u00e3o que tenha ocorrido. As den\u00fancias s\u00e3o feitas de forma an\u00f4nima, buscando oferecer um local seguro e \u00e9tico para quem a fez.<\/li>\n<\/ul>\n<p>Todas essas a\u00e7\u00f5es feitas pela Apema tem como objetivo um mundo melhor para todos, afinal, temas como meio ambiente, sa\u00fade, \u00e9tica, entre outros citados acima s\u00e3o extremamente relevantes e necess\u00e1rios. Buscamos sempre nos aperfei\u00e7oar e garantir n\u00e3o s\u00f3 que a nossa parte seja feita, mas que outras pessoas se sintam incentivadas e tamb\u00e9m fa\u00e7am o bem. Caso queira saber mais sobre algum de nossos projetos, sinta-se \u00e0 vontade para entrar em contato, ser\u00e1 um prazer atend\u00ea-lo.<\/p>\n<p>#APEMA, a marca do trocador de calor!<\/p>\n","protected":false},"excerpt":{"rendered":"<p>O tema ESG vem se tornando uma grande tend\u00eancia nos \u00faltimos anos e \u00e9 uma resposta necess\u00e1ria a sociedade contempor\u00e2nea. Na Apema, diversos projetos e medidas relacionadas ao acr\u00f4nimo (Ambiental, Social e Governan\u00e7a traduzindo do ingl\u00eas) s\u00e3o implementadas, convidamos voc\u00ea a conhec\u00ea-las. Ambiental: Na Apema, o meio ambiente \u00e9 tratado com sua devida import\u00e2ncia. Internamente [&hellip;]<\/p>\n","protected":false},"author":2,"featured_media":1067,"comment_status":"open","ping_status":"open","sticky":false,"template":"","format":"standard","meta":{"footnotes":""},"categories":[20],"tags":[],"class_list":["post-1066","post","type-post","status-publish","format-standard","has-post-thumbnail","hentry","category-responsabilidade"],"yoast_head":"<!-- This site is optimized with the Yoast SEO plugin v23.6 - https:\/\/yoast.com\/wordpress\/plugins\/seo\/ -->\n<title>ESG na Apema: Nosso Compromisso com a Sustentabilidade e Responsabilidade - Apema<\/title>\n<meta name=\"robots\" content=\"noindex, follow, max-snippet:-1, max-image-preview:large, max-video-preview:-1\" \/>\n<meta property=\"og:locale\" content=\"pt_BR\" \/>\n<meta property=\"og:type\" content=\"article\" \/>\n<meta property=\"og:title\" content=\"ESG na Apema: Nosso Compromisso com a Sustentabilidade e Responsabilidade - Apema\" \/>\n<meta property=\"og:description\" content=\"O tema ESG vem se tornando uma grande tend\u00eancia nos \u00faltimos anos e \u00e9 uma resposta necess\u00e1ria a sociedade contempor\u00e2nea. Na Apema, diversos projetos e medidas relacionadas ao acr\u00f4nimo (Ambiental, Social e Governan\u00e7a traduzindo do ingl\u00eas) s\u00e3o implementadas, convidamos voc\u00ea a conhec\u00ea-las. Ambiental: Na Apema, o meio ambiente \u00e9 tratado com sua devida import\u00e2ncia. Internamente [&hellip;]\" \/>\n<meta property=\"og:url\" content=\"https:\/\/tipotemporarioblogs.com.br\/apantigo\/esg-na-apema-nosso-compromisso-com-a-sustentabilidade-e-responsabilidade\/\" \/>\n<meta property=\"og:site_name\" content=\"Apema\" \/>\n<meta property=\"article:published_time\" content=\"2023-11-06T13:14:14+00:00\" \/>\n<meta property=\"og:image\" content=\"https:\/\/tipotemporarioblogs.com.br\/apantigo\/wp-content\/uploads\/2023\/11\/arranjo-de-paineis-solares-de-baixo-angulo-scaled.jpg\" \/>\n\t<meta property=\"og:image:width\" content=\"2560\" \/>\n\t<meta property=\"og:image:height\" content=\"1707\" \/>\n\t<meta property=\"og:image:type\" content=\"image\/jpeg\" \/>\n<meta name=\"author\" content=\"apema\" \/>\n<meta name=\"twitter:card\" content=\"summary_large_image\" \/>\n<meta name=\"twitter:label1\" content=\"Escrito por\" \/>\n\t<meta name=\"twitter:data1\" content=\"apema\" \/>\n\t<meta name=\"twitter:label2\" content=\"Est. tempo de leitura\" \/>\n\t<meta name=\"twitter:data2\" content=\"3 minutos\" \/>\n<script type=\"application\/ld+json\" class=\"yoast-schema-graph\">{\"@context\":\"https:\/\/schema.org\",\"@graph\":[{\"@type\":\"Article\",\"@id\":\"https:\/\/tipotemporarioblogs.com.br\/apantigo\/esg-na-apema-nosso-compromisso-com-a-sustentabilidade-e-responsabilidade\/#article\",\"isPartOf\":{\"@id\":\"https:\/\/tipotemporarioblogs.com.br\/apantigo\/esg-na-apema-nosso-compromisso-com-a-sustentabilidade-e-responsabilidade\/\"},\"author\":{\"name\":\"apema\",\"@id\":\"https:\/\/tipotemporarioblogs.com.br\/apantigo\/#\/schema\/person\/c0bb845fdbb10d656a3b741bcd53a01c\"},\"headline\":\"ESG na Apema: Nosso Compromisso com a Sustentabilidade e Responsabilidade\",\"datePublished\":\"2023-11-06T13:14:14+00:00\",\"dateModified\":\"2023-11-06T13:14:14+00:00\",\"mainEntityOfPage\":{\"@id\":\"https:\/\/tipotemporarioblogs.com.br\/apantigo\/esg-na-apema-nosso-compromisso-com-a-sustentabilidade-e-responsabilidade\/\"},\"wordCount\":526,\"commentCount\":0,\"publisher\":{\"@id\":\"https:\/\/tipotemporarioblogs.com.br\/apantigo\/#organization\"},\"image\":{\"@id\":\"https:\/\/tipotemporarioblogs.com.br\/apantigo\/esg-na-apema-nosso-compromisso-com-a-sustentabilidade-e-responsabilidade\/#primaryimage\"},\"thumbnailUrl\":\"https:\/\/tipotemporarioblogs.com.br\/apantigo\/wp-content\/uploads\/2023\/11\/arranjo-de-paineis-solares-de-baixo-angulo-scaled.jpg\",\"articleSection\":[\"Responsabilidade\"],\"inLanguage\":\"pt-BR\",\"potentialAction\":[{\"@type\":\"CommentAction\",\"name\":\"Comment\",\"target\":[\"https:\/\/tipotemporarioblogs.com.br\/apantigo\/esg-na-apema-nosso-compromisso-com-a-sustentabilidade-e-responsabilidade\/#respond\"]}]},{\"@type\":\"WebPage\",\"@id\":\"https:\/\/tipotemporarioblogs.com.br\/apantigo\/esg-na-apema-nosso-compromisso-com-a-sustentabilidade-e-responsabilidade\/\",\"url\":\"https:\/\/tipotemporarioblogs.com.br\/apantigo\/esg-na-apema-nosso-compromisso-com-a-sustentabilidade-e-responsabilidade\/\",\"name\":\"ESG na Apema: Nosso Compromisso com a Sustentabilidade e Responsabilidade - Apema\",\"isPartOf\":{\"@id\":\"https:\/\/tipotemporarioblogs.com.br\/apantigo\/#website\"},\"primaryImageOfPage\":{\"@id\":\"https:\/\/tipotemporarioblogs.com.br\/apantigo\/esg-na-apema-nosso-compromisso-com-a-sustentabilidade-e-responsabilidade\/#primaryimage\"},\"image\":{\"@id\":\"https:\/\/tipotemporarioblogs.com.br\/apantigo\/esg-na-apema-nosso-compromisso-com-a-sustentabilidade-e-responsabilidade\/#primaryimage\"},\"thumbnailUrl\":\"https:\/\/tipotemporarioblogs.com.br\/apantigo\/wp-content\/uploads\/2023\/11\/arranjo-de-paineis-solares-de-baixo-angulo-scaled.jpg\",\"datePublished\":\"2023-11-06T13:14:14+00:00\",\"dateModified\":\"2023-11-06T13:14:14+00:00\",\"breadcrumb\":{\"@id\":\"https:\/\/tipotemporarioblogs.com.br\/apantigo\/esg-na-apema-nosso-compromisso-com-a-sustentabilidade-e-responsabilidade\/#breadcrumb\"},\"inLanguage\":\"pt-BR\",\"potentialAction\":[{\"@type\":\"ReadAction\",\"target\":[\"https:\/\/tipotemporarioblogs.com.br\/apantigo\/esg-na-apema-nosso-compromisso-com-a-sustentabilidade-e-responsabilidade\/\"]}]},{\"@type\":\"ImageObject\",\"inLanguage\":\"pt-BR\",\"@id\":\"https:\/\/tipotemporarioblogs.com.br\/apantigo\/esg-na-apema-nosso-compromisso-com-a-sustentabilidade-e-responsabilidade\/#primaryimage\",\"url\":\"https:\/\/tipotemporarioblogs.com.br\/apantigo\/wp-content\/uploads\/2023\/11\/arranjo-de-paineis-solares-de-baixo-angulo-scaled.jpg\",\"contentUrl\":\"https:\/\/tipotemporarioblogs.com.br\/apantigo\/wp-content\/uploads\/2023\/11\/arranjo-de-paineis-solares-de-baixo-angulo-scaled.jpg\",\"width\":2560,\"height\":1707},{\"@type\":\"BreadcrumbList\",\"@id\":\"https:\/\/tipotemporarioblogs.com.br\/apantigo\/esg-na-apema-nosso-compromisso-com-a-sustentabilidade-e-responsabilidade\/#breadcrumb\",\"itemListElement\":[{\"@type\":\"ListItem\",\"position\":1,\"name\":\"In\u00edcio\",\"item\":\"https:\/\/apema.com.br\/\"},{\"@type\":\"ListItem\",\"position\":2,\"name\":\"ESG na Apema: Nosso Compromisso com a Sustentabilidade e Responsabilidade\"}]},{\"@type\":\"WebSite\",\"@id\":\"https:\/\/tipotemporarioblogs.com.br\/apantigo\/#website\",\"url\":\"https:\/\/tipotemporarioblogs.com.br\/apantigo\/\",\"name\":\"Apema\",\"description\":\"Trocadores de calor a placas Desmont\u00e1veis | Apema.com.br | S\u00e3o Paulo\",\"publisher\":{\"@id\":\"https:\/\/tipotemporarioblogs.com.br\/apantigo\/#organization\"},\"potentialAction\":[{\"@type\":\"SearchAction\",\"target\":{\"@type\":\"EntryPoint\",\"urlTemplate\":\"https:\/\/tipotemporarioblogs.com.br\/apantigo\/?s={search_term_string}\"},\"query-input\":{\"@type\":\"PropertyValueSpecification\",\"valueRequired\":true,\"valueName\":\"search_term_string\"}}],\"inLanguage\":\"pt-BR\"},{\"@type\":\"Organization\",\"@id\":\"https:\/\/tipotemporarioblogs.com.br\/apantigo\/#organization\",\"name\":\"Apema\",\"url\":\"https:\/\/tipotemporarioblogs.com.br\/apantigo\/\",\"logo\":{\"@type\":\"ImageObject\",\"inLanguage\":\"pt-BR\",\"@id\":\"https:\/\/tipotemporarioblogs.com.br\/apantigo\/#\/schema\/logo\/image\/\",\"url\":\"https:\/\/tipotemporarioblogs.com.br\/apantigo\/wp-content\/uploads\/2022\/10\/Logo-padrao.png\",\"contentUrl\":\"https:\/\/tipotemporarioblogs.com.br\/apantigo\/wp-content\/uploads\/2022\/10\/Logo-padrao.png\",\"width\":612,\"height\":792,\"caption\":\"Apema\"},\"image\":{\"@id\":\"https:\/\/tipotemporarioblogs.com.br\/apantigo\/#\/schema\/logo\/image\/\"}},{\"@type\":\"Person\",\"@id\":\"https:\/\/tipotemporarioblogs.com.br\/apantigo\/#\/schema\/person\/c0bb845fdbb10d656a3b741bcd53a01c\",\"name\":\"apema\",\"image\":{\"@type\":\"ImageObject\",\"inLanguage\":\"pt-BR\",\"@id\":\"https:\/\/tipotemporarioblogs.com.br\/apantigo\/#\/schema\/person\/image\/\",\"url\":\"https:\/\/secure.gravatar.com\/avatar\/2efc3200f000d50354bb6b0b0ed424d56312fdda41771114a972509b031401ce?s=96&d=mm&r=g\",\"contentUrl\":\"https:\/\/secure.gravatar.com\/avatar\/2efc3200f000d50354bb6b0b0ed424d56312fdda41771114a972509b031401ce?s=96&d=mm&r=g\",\"caption\":\"apema\"},\"url\":\"https:\/\/tipotemporarioblogs.com.br\/apantigo\/author\/apema\/\"}]}<\/script>\n<!-- \/ Yoast SEO plugin. -->","yoast_head_json":{"title":"ESG na Apema: Nosso Compromisso com a Sustentabilidade e Responsabilidade - Apema","robots":{"index":"noindex","follow":"follow","max-snippet":"max-snippet:-1","max-image-preview":"max-image-preview:large","max-video-preview":"max-video-preview:-1"},"og_locale":"pt_BR","og_type":"article","og_title":"ESG na Apema: Nosso Compromisso com a Sustentabilidade e Responsabilidade - Apema","og_description":"O tema ESG vem se tornando uma grande tend\u00eancia nos \u00faltimos anos e \u00e9 uma resposta necess\u00e1ria a sociedade contempor\u00e2nea. Na Apema, diversos projetos e medidas relacionadas ao acr\u00f4nimo (Ambiental, Social e Governan\u00e7a traduzindo do ingl\u00eas) s\u00e3o implementadas, convidamos voc\u00ea a conhec\u00ea-las. Ambiental: Na Apema, o meio ambiente \u00e9 tratado com sua devida import\u00e2ncia. Internamente [&hellip;]","og_url":"https:\/\/tipotemporarioblogs.com.br\/apantigo\/esg-na-apema-nosso-compromisso-com-a-sustentabilidade-e-responsabilidade\/","og_site_name":"Apema","article_published_time":"2023-11-06T13:14:14+00:00","og_image":[{"width":2560,"height":1707,"url":"https:\/\/tipotemporarioblogs.com.br\/apantigo\/wp-content\/uploads\/2023\/11\/arranjo-de-paineis-solares-de-baixo-angulo-scaled.jpg","type":"image\/jpeg"}],"author":"apema","twitter_card":"summary_large_image","twitter_misc":{"Escrito por":"apema","Est. tempo de leitura":"3 minutos"},"schema":{"@context":"https:\/\/schema.org","@graph":[{"@type":"Article","@id":"https:\/\/tipotemporarioblogs.com.br\/apantigo\/esg-na-apema-nosso-compromisso-com-a-sustentabilidade-e-responsabilidade\/#article","isPartOf":{"@id":"https:\/\/tipotemporarioblogs.com.br\/apantigo\/esg-na-apema-nosso-compromisso-com-a-sustentabilidade-e-responsabilidade\/"},"author":{"name":"apema","@id":"https:\/\/tipotemporarioblogs.com.br\/apantigo\/#\/schema\/person\/c0bb845fdbb10d656a3b741bcd53a01c"},"headline":"ESG na Apema: Nosso Compromisso com a Sustentabilidade e Responsabilidade","datePublished":"2023-11-06T13:14:14+00:00","dateModified":"2023-11-06T13:14:14+00:00","mainEntityOfPage":{"@id":"https:\/\/tipotemporarioblogs.com.br\/apantigo\/esg-na-apema-nosso-compromisso-com-a-sustentabilidade-e-responsabilidade\/"},"wordCount":526,"commentCount":0,"publisher":{"@id":"https:\/\/tipotemporarioblogs.com.br\/apantigo\/#organization"},"image":{"@id":"https:\/\/tipotemporarioblogs.com.br\/apantigo\/esg-na-apema-nosso-compromisso-com-a-sustentabilidade-e-responsabilidade\/#primaryimage"},"thumbnailUrl":"https:\/\/tipotemporarioblogs.com.br\/apantigo\/wp-content\/uploads\/2023\/11\/arranjo-de-paineis-solares-de-baixo-angulo-scaled.jpg","articleSection":["Responsabilidade"],"inLanguage":"pt-BR","potentialAction":[{"@type":"CommentAction","name":"Comment","target":["https:\/\/tipotemporarioblogs.com.br\/apantigo\/esg-na-apema-nosso-compromisso-com-a-sustentabilidade-e-responsabilidade\/#respond"]}]},{"@type":"WebPage","@id":"https:\/\/tipotemporarioblogs.com.br\/apantigo\/esg-na-apema-nosso-compromisso-com-a-sustentabilidade-e-responsabilidade\/","url":"https:\/\/tipotemporarioblogs.com.br\/apantigo\/esg-na-apema-nosso-compromisso-com-a-sustentabilidade-e-responsabilidade\/","name":"ESG na Apema: Nosso Compromisso com a Sustentabilidade e Responsabilidade - Apema","isPartOf":{"@id":"https:\/\/tipotemporarioblogs.com.br\/apantigo\/#website"},"primaryImageOfPage":{"@id":"https:\/\/tipotemporarioblogs.com.br\/apantigo\/esg-na-apema-nosso-compromisso-com-a-sustentabilidade-e-responsabilidade\/#primaryimage"},"image":{"@id":"https:\/\/tipotemporarioblogs.com.br\/apantigo\/esg-na-apema-nosso-compromisso-com-a-sustentabilidade-e-responsabilidade\/#primaryimage"},"thumbnailUrl":"https:\/\/tipotemporarioblogs.com.br\/apantigo\/wp-content\/uploads\/2023\/11\/arranjo-de-paineis-solares-de-baixo-angulo-scaled.jpg","datePublished":"2023-11-06T13:14:14+00:00","dateModified":"2023-11-06T13:14:14+00:00","breadcrumb":{"@id":"https:\/\/tipotemporarioblogs.com.br\/apantigo\/esg-na-apema-nosso-compromisso-com-a-sustentabilidade-e-responsabilidade\/#breadcrumb"},"inLanguage":"pt-BR","potentialAction":[{"@type":"ReadAction","target":["https:\/\/tipotemporarioblogs.com.br\/apantigo\/esg-na-apema-nosso-compromisso-com-a-sustentabilidade-e-responsabilidade\/"]}]},{"@type":"ImageObject","inLanguage":"pt-BR","@id":"https:\/\/tipotemporarioblogs.com.br\/apantigo\/esg-na-apema-nosso-compromisso-com-a-sustentabilidade-e-responsabilidade\/#primaryimage","url":"https:\/\/tipotemporarioblogs.com.br\/apantigo\/wp-content\/uploads\/2023\/11\/arranjo-de-paineis-solares-de-baixo-angulo-scaled.jpg","contentUrl":"https:\/\/tipotemporarioblogs.com.br\/apantigo\/wp-content\/uploads\/2023\/11\/arranjo-de-paineis-solares-de-baixo-angulo-scaled.jpg","width":2560,"height":1707},{"@type":"BreadcrumbList","@id":"https:\/\/tipotemporarioblogs.com.br\/apantigo\/esg-na-apema-nosso-compromisso-com-a-sustentabilidade-e-responsabilidade\/#breadcrumb","itemListElement":[{"@type":"ListItem","position":1,"name":"In\u00edcio","item":"https:\/\/apema.com.br\/"},{"@type":"ListItem","position":2,"name":"ESG na Apema: Nosso Compromisso com a Sustentabilidade e Responsabilidade"}]},{"@type":"WebSite","@id":"https:\/\/tipotemporarioblogs.com.br\/apantigo\/#website","url":"https:\/\/tipotemporarioblogs.com.br\/apantigo\/","name":"Apema","description":"Trocadores de calor a placas Desmont\u00e1veis | Apema.com.br | S\u00e3o Paulo","publisher":{"@id":"https:\/\/tipotemporarioblogs.com.br\/apantigo\/#organization"},"potentialAction":[{"@type":"SearchAction","target":{"@type":"EntryPoint","urlTemplate":"https:\/\/tipotemporarioblogs.com.br\/apantigo\/?s={search_term_string}"},"query-input":{"@type":"PropertyValueSpecification","valueRequired":true,"valueName":"search_term_string"}}],"inLanguage":"pt-BR"},{"@type":"Organization","@id":"https:\/\/tipotemporarioblogs.com.br\/apantigo\/#organization","name":"Apema","url":"https:\/\/tipotemporarioblogs.com.br\/apantigo\/","logo":{"@type":"ImageObject","inLanguage":"pt-BR","@id":"https:\/\/tipotemporarioblogs.com.br\/apantigo\/#\/schema\/logo\/image\/","url":"https:\/\/tipotemporarioblogs.com.br\/apantigo\/wp-content\/uploads\/2022\/10\/Logo-padrao.png","contentUrl":"https:\/\/tipotemporarioblogs.com.br\/apantigo\/wp-content\/uploads\/2022\/10\/Logo-padrao.png","width":612,"height":792,"caption":"Apema"},"image":{"@id":"https:\/\/tipotemporarioblogs.com.br\/apantigo\/#\/schema\/logo\/image\/"}},{"@type":"Person","@id":"https:\/\/tipotemporarioblogs.com.br\/apantigo\/#\/schema\/person\/c0bb845fdbb10d656a3b741bcd53a01c","name":"apema","image":{"@type":"ImageObject","inLanguage":"pt-BR","@id":"https:\/\/tipotemporarioblogs.com.br\/apantigo\/#\/schema\/person\/image\/","url":"https:\/\/secure.gravatar.com\/avatar\/2efc3200f000d50354bb6b0b0ed424d56312fdda41771114a972509b031401ce?s=96&d=mm&r=g","contentUrl":"https:\/\/secure.gravatar.com\/avatar\/2efc3200f000d50354bb6b0b0ed424d56312fdda41771114a972509b031401ce?s=96&d=mm&r=g","caption":"apema"},"url":"https:\/\/tipotemporarioblogs.com.br\/apantigo\/author\/apema\/"}]}},"_links":{"self":[{"href":"https:\/\/tipotemporarioblogs.com.br\/apantigo\/wp-json\/wp\/v2\/posts\/1066","targetHints":{"allow":["GET"]}}],"collection":[{"href":"https:\/\/tipotemporarioblogs.com.br\/apantigo\/wp-json\/wp\/v2\/posts"}],"about":[{"href":"https:\/\/tipotemporarioblogs.com.br\/apantigo\/wp-json\/wp\/v2\/types\/post"}],"author":[{"embeddable":true,"href":"https:\/\/tipotemporarioblogs.com.br\/apantigo\/wp-json\/wp\/v2\/users\/2"}],"replies":[{"embeddable":true,"href":"https:\/\/tipotemporarioblogs.com.br\/apantigo\/wp-json\/wp\/v2\/comments?post=1066"}],"version-history":[{"count":1,"href":"https:\/\/tipotemporarioblogs.com.br\/apantigo\/wp-json\/wp\/v2\/posts\/1066\/revisions"}],"predecessor-version":[{"id":1068,"href":"https:\/\/tipotemporarioblogs.com.br\/apantigo\/wp-json\/wp\/v2\/posts\/1066\/revisions\/1068"}],"wp:featuredmedia":[{"embeddable":true,"href":"https:\/\/tipotemporarioblogs.com.br\/apantigo\/wp-json\/wp\/v2\/media\/1067"}],"wp:attachment":[{"href":"https:\/\/tipotemporarioblogs.com.br\/apantigo\/wp-json\/wp\/v2\/media?parent=1066"}],"wp:term":[{"taxonomy":"category","embeddable":true,"href":"https:\/\/tipotemporarioblogs.com.br\/apantigo\/wp-json\/wp\/v2\/categories?post=1066"},{"taxonomy":"post_tag","embeddable":true,"href":"https:\/\/tipotemporarioblogs.com.br\/apantigo\/wp-json\/wp\/v2\/tags?post=1066"}],"curies":[{"name":"wp","href":"https:\/\/api.w.org\/{rel}","templated":true}]}}