{"id":1012,"date":"2023-10-04T19:03:44","date_gmt":"2023-10-04T19:03:44","guid":{"rendered":"https:\/\/tipotemporarioblogs.com.br\/apantigo\/?p=1012"},"modified":"2023-10-04T19:03:44","modified_gmt":"2023-10-04T19:03:44","slug":"a-febrava-e-o-avanco-da-tecnologia-em-sistemas-de-refrigeracao-e-ar-condicionado","status":"publish","type":"post","link":"https:\/\/tipotemporarioblogs.com.br\/apantigo\/a-febrava-e-o-avanco-da-tecnologia-em-sistemas-de-refrigeracao-e-ar-condicionado\/","title":{"rendered":"A Febrava e o Avan\u00e7o da Tecnologia em Sistemas de Refrigera\u00e7\u00e3o e Ar Condicionado"},"content":{"rendered":"<p>A Febrava, Feira Internacional de Refrigera\u00e7\u00e3o, Ar Condicionado, Ventila\u00e7\u00e3o, Aquecimento e Tratamento do Ar, \u00e9 um dos eventos mais importantes do setor no Brasil e na Am\u00e9rica Latina. Realizada a cada dois anos, a Febrava re\u00fane profissionais, empresas e especialistas que buscam acompanhar as \u00faltimas tend\u00eancias e inova\u00e7\u00f5es em sistemas de refrigera\u00e7\u00e3o e ar condicionado. Neste texto, discutiremos como a Febrava desempenha um papel fundamental na dissemina\u00e7\u00e3o de conhecimento t\u00e9cnico e na promo\u00e7\u00e3o do avan\u00e7o tecnol\u00f3gico nesse campo.<\/p>\n<p><strong>A Import\u00e2ncia da Febrava para o Setor<\/strong><\/p>\n<p>A Febrava se destaca como uma plataforma de excel\u00eancia para a troca de informa\u00e7\u00f5es, experi\u00eancias e conhecimento entre os atores do mercado de refrigera\u00e7\u00e3o e ar condicionado. A cada edi\u00e7\u00e3o, o evento apresenta uma ampla gama de expositores que trazem novidades tecnol\u00f3gicas, produtos e servi\u00e7os que impulsionam a efici\u00eancia e a sustentabilidade dos sistemas de refrigera\u00e7\u00e3o e climatiza\u00e7\u00e3o.<\/p>\n<p><strong>Inova\u00e7\u00f5es Tecnol\u00f3gicas em Destaque<\/strong><\/p>\n<p>A cada edi\u00e7\u00e3o da Febrava, os visitantes t\u00eam a oportunidade de conhecer e interagir com as \u00faltimas inova\u00e7\u00f5es em tecnologia aplicada a sistemas de refrigera\u00e7\u00e3o e ar condicionado. A busca constante por maior efici\u00eancia energ\u00e9tica e sustentabilidade tem sido um dos principais motores desse setor nos \u00faltimos anos. Na Febrava, \u00e9 poss\u00edvel encontrar solu\u00e7\u00f5es que visam minimizar o consumo de energia, reduzir a emiss\u00e3o de gases de efeito estufa e melhorar a qualidade do ar interior.<\/p>\n<p><strong>Tend\u00eancias e Desafios do Setor<\/strong><\/p>\n<p>Al\u00e9m de apresentar as mais recentes inova\u00e7\u00f5es tecnol\u00f3gicas, a Febrava tamb\u00e9m serve como um espa\u00e7o para a discuss\u00e3o de tend\u00eancias e desafios que afetam o setor. A crescente preocupa\u00e7\u00e3o com a regulamenta\u00e7\u00e3o ambiental e a transi\u00e7\u00e3o para refrigerantes de baixo impacto ambiental s\u00e3o temas frequentemente abordados. Al\u00e9m disso, a busca por sistemas mais inteligentes e conectados, que utilizam automa\u00e7\u00e3o e controle avan\u00e7ado, tamb\u00e9m \u00e9 uma tend\u00eancia que ganha destaque na feira.<\/p>\n<p><strong>Networking e Aprendizado T\u00e9cnico<\/strong><\/p>\n<p>A Febrava oferece uma oportunidade \u00fanica para profissionais do setor expandirem sua rede de contatos e adquirirem conhecimento t\u00e9cnico de alto n\u00edvel. Os semin\u00e1rios, palestras e workshops realizados durante o evento re\u00fanem especialistas nacionais e internacionais que compartilham suas experi\u00eancias e conhecimentos.<\/p>\n<p><strong>A Febrava 2023: Pioneira em Sustentabilidade e Tecnologia<\/strong><\/p>\n<p>A Febrava 2023 se destacou como um evento pioneiro na promo\u00e7\u00e3o da sustentabilidade na cadeia de refrigera\u00e7\u00e3o e climatiza\u00e7\u00e3o. Com mais de 25 mil profissionais e 500 marcas presentes, ocupando uma \u00e1rea de 50 mil m\u00b2 no S\u00e3o Paulo Expo, a feira apresentou solu\u00e7\u00f5es e tecnologias focadas na efici\u00eancia energ\u00e9tica e conectividade.<\/p>\n<p>Os expositores impressionaram com inova\u00e7\u00f5es sustent\u00e1veis e solu\u00e7\u00f5es altamente conectadas, aproveitando o entusiasmo de um p\u00fablico \u00e1vido por conhecer as novidades ap\u00f3s quatro anos de espera pela realiza\u00e7\u00e3o da feira. O evento n\u00e3o apenas antecipou lan\u00e7amentos de produtos, mas tamb\u00e9m se consolidou como uma vitrine de tend\u00eancias do setor.<\/p>\n<p>A sustentabilidade foi um tema transversal entre os expositores, com produtos que visam reduzir o impacto ambiental, como o uso de refrigerantes de baixo impacto ambiental. Al\u00e9m disso, a conectividade por meio de ferramentas digitais e conex\u00e3o via Wi-Fi se destacou como uma tend\u00eancia importante.<\/p>\n<p><strong>O Futuro do Setor AVAC-R no Brasil<\/strong><\/p>\n<p>A Febrava desempenha um papel estrat\u00e9gico no mercado nacional de AVAC-R, que re\u00fane 320 mil profissionais e tem expectativa de movimentar R$ 40 bilh\u00f5es neste ano, segundo dados da Associa\u00e7\u00e3o Brasileira de Refrigera\u00e7\u00e3o, Ar-Condicionado, Ventila\u00e7\u00e3o e Aquecimento (ABRAVA).<\/p>\n<p>A feira n\u00e3o apenas apresentou produtos inovadores, mas tamb\u00e9m promoveu eventos simult\u00e2neos, como o XVIII Congresso Brasileiro de Refrigera\u00e7\u00e3o, Ar-condicionado, Ventila\u00e7\u00e3o, Aquecimento e Tratamento de ar (CONBRAVA), que abordou temas cr\u00edticos como efici\u00eancia energ\u00e9tica, qualidade do ar, fluido refrigerante e tratamento de \u00e1guas.<\/p>\n<p>A premia\u00e7\u00e3o Selo Destaque Inova\u00e7\u00e3o FEBRAVA 2023 reconheceu 76 produtos inovadores, destacando as solu\u00e7\u00f5es mais avan\u00e7adas para o setor AVAC-R. Al\u00e9m disso, a premia\u00e7\u00e3o Pr\u00eamio Nelson Baptista homenageou profissionais e empresas que se destacaram no evento.<\/p>\n<p><strong>Perspectivas para a Pr\u00f3xima Edi\u00e7\u00e3o<\/strong><\/p>\n<p>A pr\u00f3xima edi\u00e7\u00e3o da FEBRAVA j\u00e1 est\u00e1 programada para ocorrer de 9 a 12 de setembro de 2025, prometendo continuar impulsionando o setor de AVAC-R com inova\u00e7\u00e3o, sustentabilidade e conectividade.<\/p>\n<p>A Febrava se mant\u00e9m como um farol para os avan\u00e7os tecnol\u00f3gicos e sustent\u00e1veis no setor de refrigera\u00e7\u00e3o e ar condicionado, reunindo profissionais, empresas e especialistas em uma plataforma de excel\u00eancia para a troca de conhecimento e experi\u00eancias.<\/p>\n<p>Mais informa\u00e7\u00f5es em: www.febrava.com.br<\/p>\n<p><strong>Sobre a participa\u00e7\u00e3o da Apema<\/strong><\/p>\n<p>Agradecemos a todos que nos visitaram. A Febrava foi um verdadeiro sucesso gra\u00e7as a voc\u00eas! \u00c9 o apoio de profissionais, empresas e entusiastas do setor que fazem deste evento uma refer\u00eancia inigual\u00e1vel.<\/p>\n<p>Estamos ansiosos para as pr\u00f3ximas edi\u00e7\u00f5es e para continuar oferecendo solu\u00e7\u00f5es de excel\u00eancia para voc\u00eas. A busca por inova\u00e7\u00e3o e aprimoramento n\u00e3o param, e estamos comprometidos em trazer o que h\u00e1 de mais avan\u00e7ado em tecnologia e conhecimento t\u00e9cnico para atender \u00e0s demandas do mercado de refrigera\u00e7\u00e3o e ar condicionado.<\/p>\n<p>Fique ligado para mais novidades e eventos no futuro! A Febrava \u00e9 apenas o come\u00e7o de uma jornada cont\u00ednua em busca da excel\u00eancia e da sustentabilidade no universo da climatiza\u00e7\u00e3o e refrigera\u00e7\u00e3o. Esperamos v\u00ea-los novamente em breve para compartilhar novas conquistas e avan\u00e7os no nosso setor. At\u00e9 a pr\u00f3xima edi\u00e7\u00e3o da Febrava!<\/p>\n<p>&nbsp;<\/p>\n","protected":false},"excerpt":{"rendered":"<p>A Febrava, Feira Internacional de Refrigera\u00e7\u00e3o, Ar Condicionado, Ventila\u00e7\u00e3o, Aquecimento e Tratamento do Ar, \u00e9 um dos eventos mais importantes do setor no Brasil e na Am\u00e9rica Latina. Realizada a cada dois anos, a Febrava re\u00fane profissionais, empresas e especialistas que buscam acompanhar as \u00faltimas tend\u00eancias e inova\u00e7\u00f5es em sistemas de refrigera\u00e7\u00e3o e ar condicionado. [&hellip;]<\/p>\n","protected":false},"author":2,"featured_media":1013,"comment_status":"open","ping_status":"open","sticky":false,"template":"","format":"standard","meta":{"footnotes":""},"categories":[51],"tags":[],"class_list":["post-1012","post","type-post","status-publish","format-standard","has-post-thumbnail","hentry","category-eventos"],"yoast_head":"<!-- This site is optimized with the Yoast SEO plugin v23.6 - https:\/\/yoast.com\/wordpress\/plugins\/seo\/ -->\n<title>A Febrava e o Avan\u00e7o da Tecnologia em Sistemas de Refrigera\u00e7\u00e3o e Ar Condicionado - Apema<\/title>\n<meta name=\"robots\" content=\"noindex, follow, max-snippet:-1, max-image-preview:large, max-video-preview:-1\" \/>\n<meta property=\"og:locale\" content=\"pt_BR\" \/>\n<meta property=\"og:type\" content=\"article\" \/>\n<meta property=\"og:title\" content=\"A Febrava e o Avan\u00e7o da Tecnologia em Sistemas de Refrigera\u00e7\u00e3o e Ar Condicionado - Apema\" \/>\n<meta property=\"og:description\" content=\"A Febrava, Feira Internacional de Refrigera\u00e7\u00e3o, Ar Condicionado, Ventila\u00e7\u00e3o, Aquecimento e Tratamento do Ar, \u00e9 um dos eventos mais importantes do setor no Brasil e na Am\u00e9rica Latina. Realizada a cada dois anos, a Febrava re\u00fane profissionais, empresas e especialistas que buscam acompanhar as \u00faltimas tend\u00eancias e inova\u00e7\u00f5es em sistemas de refrigera\u00e7\u00e3o e ar condicionado. [&hellip;]\" \/>\n<meta property=\"og:url\" content=\"https:\/\/tipotemporarioblogs.com.br\/apantigo\/a-febrava-e-o-avanco-da-tecnologia-em-sistemas-de-refrigeracao-e-ar-condicionado\/\" \/>\n<meta property=\"og:site_name\" content=\"Apema\" \/>\n<meta property=\"article:published_time\" content=\"2023-10-04T19:03:44+00:00\" \/>\n<meta property=\"og:image\" content=\"https:\/\/tipotemporarioblogs.com.br\/apantigo\/wp-content\/uploads\/2023\/10\/WhatsApp_Image_2023-09-12_at_12.42.19.jpeg\" \/>\n\t<meta property=\"og:image:width\" content=\"1599\" \/>\n\t<meta property=\"og:image:height\" content=\"899\" \/>\n\t<meta property=\"og:image:type\" content=\"image\/jpeg\" \/>\n<meta name=\"author\" content=\"apema\" \/>\n<meta name=\"twitter:card\" content=\"summary_large_image\" \/>\n<meta name=\"twitter:label1\" content=\"Escrito por\" \/>\n\t<meta name=\"twitter:data1\" content=\"apema\" \/>\n\t<meta name=\"twitter:label2\" content=\"Est. tempo de leitura\" \/>\n\t<meta name=\"twitter:data2\" content=\"5 minutos\" \/>\n<script type=\"application\/ld+json\" class=\"yoast-schema-graph\">{\"@context\":\"https:\/\/schema.org\",\"@graph\":[{\"@type\":\"Article\",\"@id\":\"https:\/\/tipotemporarioblogs.com.br\/apantigo\/a-febrava-e-o-avanco-da-tecnologia-em-sistemas-de-refrigeracao-e-ar-condicionado\/#article\",\"isPartOf\":{\"@id\":\"https:\/\/tipotemporarioblogs.com.br\/apantigo\/a-febrava-e-o-avanco-da-tecnologia-em-sistemas-de-refrigeracao-e-ar-condicionado\/\"},\"author\":{\"name\":\"apema\",\"@id\":\"https:\/\/tipotemporarioblogs.com.br\/apantigo\/#\/schema\/person\/c0bb845fdbb10d656a3b741bcd53a01c\"},\"headline\":\"A Febrava e o Avan\u00e7o da Tecnologia em Sistemas de Refrigera\u00e7\u00e3o e Ar Condicionado\",\"datePublished\":\"2023-10-04T19:03:44+00:00\",\"dateModified\":\"2023-10-04T19:03:44+00:00\",\"mainEntityOfPage\":{\"@id\":\"https:\/\/tipotemporarioblogs.com.br\/apantigo\/a-febrava-e-o-avanco-da-tecnologia-em-sistemas-de-refrigeracao-e-ar-condicionado\/\"},\"wordCount\":976,\"commentCount\":0,\"publisher\":{\"@id\":\"https:\/\/tipotemporarioblogs.com.br\/apantigo\/#organization\"},\"image\":{\"@id\":\"https:\/\/tipotemporarioblogs.com.br\/apantigo\/a-febrava-e-o-avanco-da-tecnologia-em-sistemas-de-refrigeracao-e-ar-condicionado\/#primaryimage\"},\"thumbnailUrl\":\"https:\/\/tipotemporarioblogs.com.br\/apantigo\/wp-content\/uploads\/2023\/10\/WhatsApp_Image_2023-09-12_at_12.42.19.jpeg\",\"articleSection\":[\"Eventos\"],\"inLanguage\":\"pt-BR\",\"potentialAction\":[{\"@type\":\"CommentAction\",\"name\":\"Comment\",\"target\":[\"https:\/\/tipotemporarioblogs.com.br\/apantigo\/a-febrava-e-o-avanco-da-tecnologia-em-sistemas-de-refrigeracao-e-ar-condicionado\/#respond\"]}]},{\"@type\":\"WebPage\",\"@id\":\"https:\/\/tipotemporarioblogs.com.br\/apantigo\/a-febrava-e-o-avanco-da-tecnologia-em-sistemas-de-refrigeracao-e-ar-condicionado\/\",\"url\":\"https:\/\/tipotemporarioblogs.com.br\/apantigo\/a-febrava-e-o-avanco-da-tecnologia-em-sistemas-de-refrigeracao-e-ar-condicionado\/\",\"name\":\"A Febrava e o Avan\u00e7o da Tecnologia em Sistemas de Refrigera\u00e7\u00e3o e Ar Condicionado - Apema\",\"isPartOf\":{\"@id\":\"https:\/\/tipotemporarioblogs.com.br\/apantigo\/#website\"},\"primaryImageOfPage\":{\"@id\":\"https:\/\/tipotemporarioblogs.com.br\/apantigo\/a-febrava-e-o-avanco-da-tecnologia-em-sistemas-de-refrigeracao-e-ar-condicionado\/#primaryimage\"},\"image\":{\"@id\":\"https:\/\/tipotemporarioblogs.com.br\/apantigo\/a-febrava-e-o-avanco-da-tecnologia-em-sistemas-de-refrigeracao-e-ar-condicionado\/#primaryimage\"},\"thumbnailUrl\":\"https:\/\/tipotemporarioblogs.com.br\/apantigo\/wp-content\/uploads\/2023\/10\/WhatsApp_Image_2023-09-12_at_12.42.19.jpeg\",\"datePublished\":\"2023-10-04T19:03:44+00:00\",\"dateModified\":\"2023-10-04T19:03:44+00:00\",\"breadcrumb\":{\"@id\":\"https:\/\/tipotemporarioblogs.com.br\/apantigo\/a-febrava-e-o-avanco-da-tecnologia-em-sistemas-de-refrigeracao-e-ar-condicionado\/#breadcrumb\"},\"inLanguage\":\"pt-BR\",\"potentialAction\":[{\"@type\":\"ReadAction\",\"target\":[\"https:\/\/tipotemporarioblogs.com.br\/apantigo\/a-febrava-e-o-avanco-da-tecnologia-em-sistemas-de-refrigeracao-e-ar-condicionado\/\"]}]},{\"@type\":\"ImageObject\",\"inLanguage\":\"pt-BR\",\"@id\":\"https:\/\/tipotemporarioblogs.com.br\/apantigo\/a-febrava-e-o-avanco-da-tecnologia-em-sistemas-de-refrigeracao-e-ar-condicionado\/#primaryimage\",\"url\":\"https:\/\/tipotemporarioblogs.com.br\/apantigo\/wp-content\/uploads\/2023\/10\/WhatsApp_Image_2023-09-12_at_12.42.19.jpeg\",\"contentUrl\":\"https:\/\/tipotemporarioblogs.com.br\/apantigo\/wp-content\/uploads\/2023\/10\/WhatsApp_Image_2023-09-12_at_12.42.19.jpeg\",\"width\":1599,\"height\":899},{\"@type\":\"BreadcrumbList\",\"@id\":\"https:\/\/tipotemporarioblogs.com.br\/apantigo\/a-febrava-e-o-avanco-da-tecnologia-em-sistemas-de-refrigeracao-e-ar-condicionado\/#breadcrumb\",\"itemListElement\":[{\"@type\":\"ListItem\",\"position\":1,\"name\":\"In\u00edcio\",\"item\":\"https:\/\/apema.com.br\/\"},{\"@type\":\"ListItem\",\"position\":2,\"name\":\"A Febrava e o Avan\u00e7o da Tecnologia em Sistemas de Refrigera\u00e7\u00e3o e Ar Condicionado\"}]},{\"@type\":\"WebSite\",\"@id\":\"https:\/\/tipotemporarioblogs.com.br\/apantigo\/#website\",\"url\":\"https:\/\/tipotemporarioblogs.com.br\/apantigo\/\",\"name\":\"Apema\",\"description\":\"Trocadores de calor a placas Desmont\u00e1veis | Apema.com.br | S\u00e3o Paulo\",\"publisher\":{\"@id\":\"https:\/\/tipotemporarioblogs.com.br\/apantigo\/#organization\"},\"potentialAction\":[{\"@type\":\"SearchAction\",\"target\":{\"@type\":\"EntryPoint\",\"urlTemplate\":\"https:\/\/tipotemporarioblogs.com.br\/apantigo\/?s={search_term_string}\"},\"query-input\":{\"@type\":\"PropertyValueSpecification\",\"valueRequired\":true,\"valueName\":\"search_term_string\"}}],\"inLanguage\":\"pt-BR\"},{\"@type\":\"Organization\",\"@id\":\"https:\/\/tipotemporarioblogs.com.br\/apantigo\/#organization\",\"name\":\"Apema\",\"url\":\"https:\/\/tipotemporarioblogs.com.br\/apantigo\/\",\"logo\":{\"@type\":\"ImageObject\",\"inLanguage\":\"pt-BR\",\"@id\":\"https:\/\/tipotemporarioblogs.com.br\/apantigo\/#\/schema\/logo\/image\/\",\"url\":\"https:\/\/tipotemporarioblogs.com.br\/apantigo\/wp-content\/uploads\/2022\/10\/Logo-padrao.png\",\"contentUrl\":\"https:\/\/tipotemporarioblogs.com.br\/apantigo\/wp-content\/uploads\/2022\/10\/Logo-padrao.png\",\"width\":612,\"height\":792,\"caption\":\"Apema\"},\"image\":{\"@id\":\"https:\/\/tipotemporarioblogs.com.br\/apantigo\/#\/schema\/logo\/image\/\"}},{\"@type\":\"Person\",\"@id\":\"https:\/\/tipotemporarioblogs.com.br\/apantigo\/#\/schema\/person\/c0bb845fdbb10d656a3b741bcd53a01c\",\"name\":\"apema\",\"image\":{\"@type\":\"ImageObject\",\"inLanguage\":\"pt-BR\",\"@id\":\"https:\/\/tipotemporarioblogs.com.br\/apantigo\/#\/schema\/person\/image\/\",\"url\":\"https:\/\/secure.gravatar.com\/avatar\/2efc3200f000d50354bb6b0b0ed424d56312fdda41771114a972509b031401ce?s=96&d=mm&r=g\",\"contentUrl\":\"https:\/\/secure.gravatar.com\/avatar\/2efc3200f000d50354bb6b0b0ed424d56312fdda41771114a972509b031401ce?s=96&d=mm&r=g\",\"caption\":\"apema\"},\"url\":\"https:\/\/tipotemporarioblogs.com.br\/apantigo\/author\/apema\/\"}]}<\/script>\n<!-- \/ Yoast SEO plugin. -->","yoast_head_json":{"title":"A Febrava e o Avan\u00e7o da Tecnologia em Sistemas de Refrigera\u00e7\u00e3o e Ar Condicionado - Apema","robots":{"index":"noindex","follow":"follow","max-snippet":"max-snippet:-1","max-image-preview":"max-image-preview:large","max-video-preview":"max-video-preview:-1"},"og_locale":"pt_BR","og_type":"article","og_title":"A Febrava e o Avan\u00e7o da Tecnologia em Sistemas de Refrigera\u00e7\u00e3o e Ar Condicionado - Apema","og_description":"A Febrava, Feira Internacional de Refrigera\u00e7\u00e3o, Ar Condicionado, Ventila\u00e7\u00e3o, Aquecimento e Tratamento do Ar, \u00e9 um dos eventos mais importantes do setor no Brasil e na Am\u00e9rica Latina. Realizada a cada dois anos, a Febrava re\u00fane profissionais, empresas e especialistas que buscam acompanhar as \u00faltimas tend\u00eancias e inova\u00e7\u00f5es em sistemas de refrigera\u00e7\u00e3o e ar condicionado. [&hellip;]","og_url":"https:\/\/tipotemporarioblogs.com.br\/apantigo\/a-febrava-e-o-avanco-da-tecnologia-em-sistemas-de-refrigeracao-e-ar-condicionado\/","og_site_name":"Apema","article_published_time":"2023-10-04T19:03:44+00:00","og_image":[{"width":1599,"height":899,"url":"https:\/\/tipotemporarioblogs.com.br\/apantigo\/wp-content\/uploads\/2023\/10\/WhatsApp_Image_2023-09-12_at_12.42.19.jpeg","type":"image\/jpeg"}],"author":"apema","twitter_card":"summary_large_image","twitter_misc":{"Escrito por":"apema","Est. tempo de leitura":"5 minutos"},"schema":{"@context":"https:\/\/schema.org","@graph":[{"@type":"Article","@id":"https:\/\/tipotemporarioblogs.com.br\/apantigo\/a-febrava-e-o-avanco-da-tecnologia-em-sistemas-de-refrigeracao-e-ar-condicionado\/#article","isPartOf":{"@id":"https:\/\/tipotemporarioblogs.com.br\/apantigo\/a-febrava-e-o-avanco-da-tecnologia-em-sistemas-de-refrigeracao-e-ar-condicionado\/"},"author":{"name":"apema","@id":"https:\/\/tipotemporarioblogs.com.br\/apantigo\/#\/schema\/person\/c0bb845fdbb10d656a3b741bcd53a01c"},"headline":"A Febrava e o Avan\u00e7o da Tecnologia em Sistemas de Refrigera\u00e7\u00e3o e Ar Condicionado","datePublished":"2023-10-04T19:03:44+00:00","dateModified":"2023-10-04T19:03:44+00:00","mainEntityOfPage":{"@id":"https:\/\/tipotemporarioblogs.com.br\/apantigo\/a-febrava-e-o-avanco-da-tecnologia-em-sistemas-de-refrigeracao-e-ar-condicionado\/"},"wordCount":976,"commentCount":0,"publisher":{"@id":"https:\/\/tipotemporarioblogs.com.br\/apantigo\/#organization"},"image":{"@id":"https:\/\/tipotemporarioblogs.com.br\/apantigo\/a-febrava-e-o-avanco-da-tecnologia-em-sistemas-de-refrigeracao-e-ar-condicionado\/#primaryimage"},"thumbnailUrl":"https:\/\/tipotemporarioblogs.com.br\/apantigo\/wp-content\/uploads\/2023\/10\/WhatsApp_Image_2023-09-12_at_12.42.19.jpeg","articleSection":["Eventos"],"inLanguage":"pt-BR","potentialAction":[{"@type":"CommentAction","name":"Comment","target":["https:\/\/tipotemporarioblogs.com.br\/apantigo\/a-febrava-e-o-avanco-da-tecnologia-em-sistemas-de-refrigeracao-e-ar-condicionado\/#respond"]}]},{"@type":"WebPage","@id":"https:\/\/tipotemporarioblogs.com.br\/apantigo\/a-febrava-e-o-avanco-da-tecnologia-em-sistemas-de-refrigeracao-e-ar-condicionado\/","url":"https:\/\/tipotemporarioblogs.com.br\/apantigo\/a-febrava-e-o-avanco-da-tecnologia-em-sistemas-de-refrigeracao-e-ar-condicionado\/","name":"A Febrava e o Avan\u00e7o da Tecnologia em Sistemas de Refrigera\u00e7\u00e3o e Ar Condicionado - Apema","isPartOf":{"@id":"https:\/\/tipotemporarioblogs.com.br\/apantigo\/#website"},"primaryImageOfPage":{"@id":"https:\/\/tipotemporarioblogs.com.br\/apantigo\/a-febrava-e-o-avanco-da-tecnologia-em-sistemas-de-refrigeracao-e-ar-condicionado\/#primaryimage"},"image":{"@id":"https:\/\/tipotemporarioblogs.com.br\/apantigo\/a-febrava-e-o-avanco-da-tecnologia-em-sistemas-de-refrigeracao-e-ar-condicionado\/#primaryimage"},"thumbnailUrl":"https:\/\/tipotemporarioblogs.com.br\/apantigo\/wp-content\/uploads\/2023\/10\/WhatsApp_Image_2023-09-12_at_12.42.19.jpeg","datePublished":"2023-10-04T19:03:44+00:00","dateModified":"2023-10-04T19:03:44+00:00","breadcrumb":{"@id":"https:\/\/tipotemporarioblogs.com.br\/apantigo\/a-febrava-e-o-avanco-da-tecnologia-em-sistemas-de-refrigeracao-e-ar-condicionado\/#breadcrumb"},"inLanguage":"pt-BR","potentialAction":[{"@type":"ReadAction","target":["https:\/\/tipotemporarioblogs.com.br\/apantigo\/a-febrava-e-o-avanco-da-tecnologia-em-sistemas-de-refrigeracao-e-ar-condicionado\/"]}]},{"@type":"ImageObject","inLanguage":"pt-BR","@id":"https:\/\/tipotemporarioblogs.com.br\/apantigo\/a-febrava-e-o-avanco-da-tecnologia-em-sistemas-de-refrigeracao-e-ar-condicionado\/#primaryimage","url":"https:\/\/tipotemporarioblogs.com.br\/apantigo\/wp-content\/uploads\/2023\/10\/WhatsApp_Image_2023-09-12_at_12.42.19.jpeg","contentUrl":"https:\/\/tipotemporarioblogs.com.br\/apantigo\/wp-content\/uploads\/2023\/10\/WhatsApp_Image_2023-09-12_at_12.42.19.jpeg","width":1599,"height":899},{"@type":"BreadcrumbList","@id":"https:\/\/tipotemporarioblogs.com.br\/apantigo\/a-febrava-e-o-avanco-da-tecnologia-em-sistemas-de-refrigeracao-e-ar-condicionado\/#breadcrumb","itemListElement":[{"@type":"ListItem","position":1,"name":"In\u00edcio","item":"https:\/\/apema.com.br\/"},{"@type":"ListItem","position":2,"name":"A Febrava e o Avan\u00e7o da Tecnologia em Sistemas de Refrigera\u00e7\u00e3o e Ar Condicionado"}]},{"@type":"WebSite","@id":"https:\/\/tipotemporarioblogs.com.br\/apantigo\/#website","url":"https:\/\/tipotemporarioblogs.com.br\/apantigo\/","name":"Apema","description":"Trocadores de calor a placas Desmont\u00e1veis | Apema.com.br | S\u00e3o Paulo","publisher":{"@id":"https:\/\/tipotemporarioblogs.com.br\/apantigo\/#organization"},"potentialAction":[{"@type":"SearchAction","target":{"@type":"EntryPoint","urlTemplate":"https:\/\/tipotemporarioblogs.com.br\/apantigo\/?s={search_term_string}"},"query-input":{"@type":"PropertyValueSpecification","valueRequired":true,"valueName":"search_term_string"}}],"inLanguage":"pt-BR"},{"@type":"Organization","@id":"https:\/\/tipotemporarioblogs.com.br\/apantigo\/#organization","name":"Apema","url":"https:\/\/tipotemporarioblogs.com.br\/apantigo\/","logo":{"@type":"ImageObject","inLanguage":"pt-BR","@id":"https:\/\/tipotemporarioblogs.com.br\/apantigo\/#\/schema\/logo\/image\/","url":"https:\/\/tipotemporarioblogs.com.br\/apantigo\/wp-content\/uploads\/2022\/10\/Logo-padrao.png","contentUrl":"https:\/\/tipotemporarioblogs.com.br\/apantigo\/wp-content\/uploads\/2022\/10\/Logo-padrao.png","width":612,"height":792,"caption":"Apema"},"image":{"@id":"https:\/\/tipotemporarioblogs.com.br\/apantigo\/#\/schema\/logo\/image\/"}},{"@type":"Person","@id":"https:\/\/tipotemporarioblogs.com.br\/apantigo\/#\/schema\/person\/c0bb845fdbb10d656a3b741bcd53a01c","name":"apema","image":{"@type":"ImageObject","inLanguage":"pt-BR","@id":"https:\/\/tipotemporarioblogs.com.br\/apantigo\/#\/schema\/person\/image\/","url":"https:\/\/secure.gravatar.com\/avatar\/2efc3200f000d50354bb6b0b0ed424d56312fdda41771114a972509b031401ce?s=96&d=mm&r=g","contentUrl":"https:\/\/secure.gravatar.com\/avatar\/2efc3200f000d50354bb6b0b0ed424d56312fdda41771114a972509b031401ce?s=96&d=mm&r=g","caption":"apema"},"url":"https:\/\/tipotemporarioblogs.com.br\/apantigo\/author\/apema\/"}]}},"_links":{"self":[{"href":"https:\/\/tipotemporarioblogs.com.br\/apantigo\/wp-json\/wp\/v2\/posts\/1012","targetHints":{"allow":["GET"]}}],"collection":[{"href":"https:\/\/tipotemporarioblogs.com.br\/apantigo\/wp-json\/wp\/v2\/posts"}],"about":[{"href":"https:\/\/tipotemporarioblogs.com.br\/apantigo\/wp-json\/wp\/v2\/types\/post"}],"author":[{"embeddable":true,"href":"https:\/\/tipotemporarioblogs.com.br\/apantigo\/wp-json\/wp\/v2\/users\/2"}],"replies":[{"embeddable":true,"href":"https:\/\/tipotemporarioblogs.com.br\/apantigo\/wp-json\/wp\/v2\/comments?post=1012"}],"version-history":[{"count":1,"href":"https:\/\/tipotemporarioblogs.com.br\/apantigo\/wp-json\/wp\/v2\/posts\/1012\/revisions"}],"predecessor-version":[{"id":1014,"href":"https:\/\/tipotemporarioblogs.com.br\/apantigo\/wp-json\/wp\/v2\/posts\/1012\/revisions\/1014"}],"wp:featuredmedia":[{"embeddable":true,"href":"https:\/\/tipotemporarioblogs.com.br\/apantigo\/wp-json\/wp\/v2\/media\/1013"}],"wp:attachment":[{"href":"https:\/\/tipotemporarioblogs.com.br\/apantigo\/wp-json\/wp\/v2\/media?parent=1012"}],"wp:term":[{"taxonomy":"category","embeddable":true,"href":"https:\/\/tipotemporarioblogs.com.br\/apantigo\/wp-json\/wp\/v2\/categories?post=1012"},{"taxonomy":"post_tag","embeddable":true,"href":"https:\/\/tipotemporarioblogs.com.br\/apantigo\/wp-json\/wp\/v2\/tags?post=1012"}],"curies":[{"name":"wp","href":"https:\/\/api.w.org\/{rel}","templated":true}]}}